{"id":471474,"date":"2025-10-18T03:00:57","date_gmt":"2025-10-18T03:00:57","guid":{"rendered":"https:\/\/www.europesays.com\/fr\/471474\/"},"modified":"2025-10-18T03:00:57","modified_gmt":"2025-10-18T03:00:57","slug":"16-joueuses-pour-debuter-2025","status":"publish","type":"post","link":"https:\/\/www.europesays.com\/fr\/471474\/","title":{"rendered":"16 joueuses pour d\u00e9buter 2025"},"content":{"rendered":"<p style=\"text-align:justify\"><strong>Elles vous avaient manqu\u00e9 ? Pas de panique les revoil\u00e0. L\u2019\u00c9quipe de France f\u00e9minine de 3\u00d73 se regroupera pour la premi\u00e8re fois en 2025 du 2 au 7 f\u00e9vrier prochain, afin de d\u00e9buter comme il se doit une ann\u00e9e 2025 qui s\u2019annonce charg\u00e9e sur le demi-terrain.<\/strong><\/p>\n<p style=\"text-align:justify\">Seize joueuses ont donc \u00e9t\u00e9 convoqu\u00e9es pour ce premier stage, avec comme premi\u00e8re \u00e9ch\u00e9ance la Champions Cup qui se d\u00e9roulera du 14 au 16 mars \u00e0 Bangkok.\u00a0Un groupe de six joueuses (avec un maximum d\u2019une joueuse par club) sera annonc\u00e9 mi-f\u00e9vrier, et parmi elles quatre disputeront la comp\u00e9tition. Dans ce groupe tr\u00e8s \u00e9largi on retrouve \u00e9videmment des noms tr\u00e8s olympiques et tr\u00e8s champions du monde (Marie-Eve Paget, Laetitia Guapo, Hortense Limouzin), d\u2019autres qui ont brill\u00e9 cet \u00e9t\u00e9 lors de la Coupe d\u2019Europe (Camille Droguet, Marie-Michelle Milapie), et quelques noms ronflants du championnat ayant d\u00e9j\u00e0 fait leurs preuves en 3\u00d73, comme par exemple Sixtine Macquet, joueuse de Basket Landes et s\u0153ur de l\u2019inimitable C\u00e9leste, pass\u00e9 cet \u00e9t\u00e9 par la r\u00e9daction de TrashTalk.<\/p>\n<p style=\"text-align:justify\">Lou Lopez S\u00e9n\u00e9chal, bri\u00e8vement entrevue cet \u00e9t\u00e9 en WNBA (Dallas) fera ses d\u00e9buts en 3\u00d73 tout comme la jeune Jess-Mine Zodia, Louise Bussi\u00e8re compl\u00e8te la bande de Basket Landes, Coline Franchelin, Ana Ngo Ndjock et la crosseuse Lisa Berkani seront \u00e9galement de la partie.<\/p>\n<p dir=\"ltr\" lang=\"fr\">La liste des Bleues pour f\u00e9vrier \ud83c\udde8\ud83c\uddf5<\/p>\n<p>16 joueuses ont \u00e9t\u00e9 convoqu\u00e9es pour participer \u00e0 une premi\u00e8re revue d\u2019effectif qui se d\u00e9roulera du 2 au 7 f\u00e9vrier \u00e0 l\u2019INSEP \u2694\ufe0f<\/p>\n<p>\ud83d\udcf2 + d\u2019infos sur <a href=\"https:\/\/t.co\/beGJHUzevr\">https:\/\/t.co\/beGJHUzevr<\/a> <a href=\"https:\/\/t.co\/qDjzltgeQE\">pic.twitter.com\/qDjzltgeQE<\/a><\/p>\n<p>\u2014 3\u00d73 FFBB (@3x3ffbb) <a href=\"https:\/\/twitter.com\/3x3ffbb\/status\/1879444056541196331?ref_src=twsrc%5Etfw\" target=\"_blank\" rel=\"noopener\">January 15, 2025<\/a><\/p>\n<p style=\"text-align:justify\"><strong>D\u00e9so pour celles qu\u2019on a oubli\u00e9 mais \u00e7a fait du monde, et on suivra en tout cas avec int\u00e9r\u00eat cette nouvelle saison de 3\u00d73 qui d\u00e9butera au printemps, avec cette saison, pour les filles, une Coupe du Monde et une Coupe d\u2019Europe \u00e0 aller chercher !<\/strong><\/p>\n<p><script async src=\"https:\/\/platform.twitter.com\/widgets.js\" charset=\"utf-8\"><\/script><\/p>\n","protected":false},"excerpt":{"rendered":"Elles vous avaient manqu\u00e9 ? Pas de panique les revoil\u00e0. L\u2019\u00c9quipe de France f\u00e9minine de 3\u00d73 se regroupera&hellip;\n","protected":false},"author":2,"featured_media":471475,"comment_status":"","ping_status":"","sticky":false,"template":"","format":"standard","meta":{"footnotes":""},"categories":[1414],"tags":[1465,1464,1011,27,60],"class_list":{"0":"post-471474","1":"post","2":"type-post","3":"status-publish","4":"format-standard","5":"has-post-thumbnail","7":"category-basket","8":"tag-basket","9":"tag-basketball","10":"tag-fr","11":"tag-france","12":"tag-sports"},"share_on_mastodon":{"url":"https:\/\/pubeurope.com\/@fr\/115392943493501135","error":""},"_links":{"self":[{"href":"https:\/\/www.europesays.com\/fr\/wp-json\/wp\/v2\/posts\/471474","targetHints":{"allow":["GET"]}}],"collection":[{"href":"https:\/\/www.europesays.com\/fr\/wp-json\/wp\/v2\/posts"}],"about":[{"href":"https:\/\/www.europesays.com\/fr\/wp-json\/wp\/v2\/types\/post"}],"author":[{"embeddable":true,"href":"https:\/\/www.europesays.com\/fr\/wp-json\/wp\/v2\/users\/2"}],"replies":[{"embeddable":true,"href":"https:\/\/www.europesays.com\/fr\/wp-json\/wp\/v2\/comments?post=471474"}],"version-history":[{"count":0,"href":"https:\/\/www.europesays.com\/fr\/wp-json\/wp\/v2\/posts\/471474\/revisions"}],"wp:featuredmedia":[{"embeddable":true,"href":"https:\/\/www.europesays.com\/fr\/wp-json\/wp\/v2\/media\/471475"}],"wp:attachment":[{"href":"https:\/\/www.europesays.com\/fr\/wp-json\/wp\/v2\/media?parent=471474"}],"wp:term":[{"taxonomy":"category","embeddable":true,"href":"https:\/\/www.europesays.com\/fr\/wp-json\/wp\/v2\/categories?post=471474"},{"taxonomy":"post_tag","embeddable":true,"href":"https:\/\/www.europesays.com\/fr\/wp-json\/wp\/v2\/tags?post=471474"}],"curies":[{"name":"wp","href":"https:\/\/api.w.org\/{rel}","templated":true}]}}