{"id":471476,"date":"2025-10-18T03:02:10","date_gmt":"2025-10-18T03:02:10","guid":{"rendered":"https:\/\/www.europesays.com\/fr\/471476\/"},"modified":"2025-10-18T03:02:10","modified_gmt":"2025-10-18T03:02:10","slug":"changement-dhoraires-au-gp-daustralie","status":"publish","type":"post","link":"https:\/\/www.europesays.com\/fr\/471476\/","title":{"rendered":"Changement d&rsquo;horaires au GP d&rsquo;Australie\u00a0!"},"content":{"rendered":"<p>En raison des pr\u00e9visions m\u00e9t\u00e9orologiques \u00e0 Phillip Island, le programme du dimanche du Grand Prix moto d&rsquo;Australie Liqui Moly 2025 a \u00e9t\u00e9 d\u00e9cal\u00e9 d&rsquo;une heure.<\/p>\n<p>Ainsi, le d\u00e9part du warm-up MotoGP\u2122 sera donn\u00e9 \u00e0 1h40 au lieu de 00h40.<\/p>\n<p>Les courses auront lieu \u00e0 :<br \/><strong>Moto3\u2122 :<\/strong> 3h00<br \/><strong>Moto2\u2122 :<\/strong> 4h15<br \/><strong>MotoGP\u2122 :<\/strong> 6h00<\/p>\n<p>Ce changement proactif vise \u00e0 garantir les meilleures conditions possibles pour les pilotes et les spectateurs.\u00a0<\/p>\n<p>\u00a0<\/p>\n","protected":false},"excerpt":{"rendered":"En raison des pr\u00e9visions m\u00e9t\u00e9orologiques \u00e0 Phillip Island, le programme du dimanche du Grand Prix moto d&rsquo;Australie Liqui&hellip;\n","protected":false},"author":2,"featured_media":471477,"comment_status":"","ping_status":"","sticky":false,"template":"","format":"standard","meta":{"footnotes":""},"categories":[1413],"tags":[1011,27,1457,1456,60,2032],"class_list":{"0":"post-471476","1":"post","2":"type-post","3":"status-publish","4":"format-standard","5":"has-post-thumbnail","7":"category-moto","8":"tag-fr","9":"tag-france","10":"tag-moto","11":"tag-motocycle","12":"tag-sports","13":"tag-text"},"share_on_mastodon":{"url":"https:\/\/pubeurope.com\/@fr\/115392947403143539","error":""},"_links":{"self":[{"href":"https:\/\/www.europesays.com\/fr\/wp-json\/wp\/v2\/posts\/471476","targetHints":{"allow":["GET"]}}],"collection":[{"href":"https:\/\/www.europesays.com\/fr\/wp-json\/wp\/v2\/posts"}],"about":[{"href":"https:\/\/www.europesays.com\/fr\/wp-json\/wp\/v2\/types\/post"}],"author":[{"embeddable":true,"href":"https:\/\/www.europesays.com\/fr\/wp-json\/wp\/v2\/users\/2"}],"replies":[{"embeddable":true,"href":"https:\/\/www.europesays.com\/fr\/wp-json\/wp\/v2\/comments?post=471476"}],"version-history":[{"count":0,"href":"https:\/\/www.europesays.com\/fr\/wp-json\/wp\/v2\/posts\/471476\/revisions"}],"wp:featuredmedia":[{"embeddable":true,"href":"https:\/\/www.europesays.com\/fr\/wp-json\/wp\/v2\/media\/471477"}],"wp:attachment":[{"href":"https:\/\/www.europesays.com\/fr\/wp-json\/wp\/v2\/media?parent=471476"}],"wp:term":[{"taxonomy":"category","embeddable":true,"href":"https:\/\/www.europesays.com\/fr\/wp-json\/wp\/v2\/categories?post=471476"},{"taxonomy":"post_tag","embeddable":true,"href":"https:\/\/www.europesays.com\/fr\/wp-json\/wp\/v2\/tags?post=471476"}],"curies":[{"name":"wp","href":"https:\/\/api.w.org\/{rel}","templated":true}]}}