{"id":471478,"date":"2025-10-18T03:03:17","date_gmt":"2025-10-18T03:03:17","guid":{"rendered":"https:\/\/www.europesays.com\/fr\/471478\/"},"modified":"2025-10-18T03:03:17","modified_gmt":"2025-10-18T03:03:17","slug":"f1-sainz-critique-de-nouveau-la-couverture-televisee","status":"publish","type":"post","link":"https:\/\/www.europesays.com\/fr\/471478\/","title":{"rendered":"F1 : Sainz critique de nouveau la couverture t\u00e9l\u00e9vis\u00e9e"},"content":{"rendered":"<p data-testid=\"wcl-typoNewsPerex\" itemprop=\"description\">L&rsquo;Espagnol Carlos Sainz (31 ans) a maintenu jeudi sa critique de la couverture t\u00e9l\u00e9vis\u00e9e du Grand Prix de Singapour, ajoutant qu&rsquo;il n&rsquo;\u00e9tait pas impressionn\u00e9 par la r\u00e9action mondiale excessive et \u00ab\u00a0virale\u00a0\u00bb \u00e0 ses commentaires.<\/p>\n<p>Le pilote <b>Williams<\/b> a affirm\u00e9 qu&rsquo;il n&rsquo;avait pas eu l&rsquo;intention d&rsquo;offenser qui que ce soit en soulignant que trop d&rsquo;attention avait \u00e9t\u00e9 accord\u00e9e aux c\u00e9l\u00e9brit\u00e9s et aux compagnes des pilotes, au d\u00e9triment de la course.<\/p>\n<p><b>\u00ab\u00a0Mes commentaires ont \u00e9t\u00e9 pris un peu hors contexte\u00a0\u00bb<\/b>, a-t-il d\u00e9clar\u00e9 avant le <b>Grand Prix des \u00c9tats-Unis<\/b> qui se d\u00e9roulera ce week-end \u00e0 <b>Austin<\/b>, au Texas.<\/p>\n<p><b>\u00ab\u00a0Le fait que j&rsquo;aie mentionn\u00e9 les petites amies, ou les WAG, ou quel que soit le nom qu&rsquo;on leur donne, a ajout\u00e9 un peu de piment au commentaire, qui est devenu viral dans le monde entier\u00a0\u00bb<\/b>, a-t-il ajout\u00e9.<\/p>\n<p><b>\u00ab\u00a0\u00c0 Singapour, la cha\u00eene n&rsquo;a pas fait du bon travail. Je veux dire qu&rsquo;il y a d&rsquo;autres courses o\u00f9 ils font un travail incroyable et nous montrent des choses incroyables et l&rsquo;action sur la piste, mais \u00e0 Singapour ce n&rsquo;\u00e9tait pas comme \u00e7a\u00a0\u00bb<\/b>, a-t-il ajout\u00e9.\u00a0Les commentaires de <b><a href=\"https:\/\/www.flashscore.fr\/joueur\/sainz-carlos-jr\/l6kEzjTF\/\" target=\"_blank\" data-analytics-element=\"ARTICLE_TEXT_LINK\" data-analytics-alias=\"internal\" rel=\"noopener\">Sainz<\/a><\/b> ont \u00e9t\u00e9 largement publi\u00e9s apr\u00e8s la course de <b>Singapour<\/b>.<\/p>\n<p>Ce n&rsquo;est pas \u00ab\u00a0personnel\u00a0\u00bb<\/p>\n<p>Un porte-parole de la Formule 1 a r\u00e9agi aux remarques de l&rsquo;Espagnol en d\u00e9fendant la couverture t\u00e9l\u00e9vis\u00e9e du sport, affirmant qu&rsquo;elle cherchait \u00e0 \u00e9quilibrer les moments importants avec les r\u00e9actions des tribune<b>s<\/b>, des invit\u00e9s de marque et des lieux.<\/p>\n<p><b>\u00ab\u00a0Ils ont manqu\u00e9 trop d&rsquo;action sur la piste, mais cela ne veut pas dire qu&rsquo;il faut les critiquer ou critiquer la fa\u00e7on dont ils font leur travail\u00a0\u00bb<\/b>, a-t-il d\u00e9clar\u00e9. <b>\u00ab\u00a0C&rsquo;est dommage que sur un circuit o\u00f9 il est si difficile de d\u00e9passer, ils aient manqu\u00e9 tant de batailles en piste\u00a0\u00bb<\/b>, a-t-il ajout\u00e9.<\/p>\n<p><b>\u00ab\u00a0J&rsquo;esp\u00e8re qu&rsquo;ils ne l&rsquo;ont pas pris personnellement ou mal, parce que c&rsquo;\u00e9tait une simple critique de Singapour, qui n&rsquo;\u00e9tait pas \u00e0 la hauteur.\u00a0\u00bb<\/b><\/p>\n","protected":false},"excerpt":{"rendered":"L&rsquo;Espagnol Carlos Sainz (31 ans) a maintenu jeudi sa critique de la couverture t\u00e9l\u00e9vis\u00e9e du Grand Prix de&hellip;\n","protected":false},"author":2,"featured_media":471479,"comment_status":"","ping_status":"","sticky":false,"template":"","format":"standard","meta":{"footnotes":""},"categories":[1412],"tags":[1451,1452,1453,1454,1455,1011,27,60],"class_list":{"0":"post-471478","1":"post","2":"type-post","3":"status-publish","4":"format-standard","5":"has-post-thumbnail","7":"category-f1","8":"tag-f1","9":"tag-formula-1","10":"tag-formula1","11":"tag-formule-1","12":"tag-formule1","13":"tag-fr","14":"tag-france","15":"tag-sports"},"share_on_mastodon":{"url":"https:\/\/pubeurope.com\/@fr\/115392951403580165","error":""},"_links":{"self":[{"href":"https:\/\/www.europesays.com\/fr\/wp-json\/wp\/v2\/posts\/471478","targetHints":{"allow":["GET"]}}],"collection":[{"href":"https:\/\/www.europesays.com\/fr\/wp-json\/wp\/v2\/posts"}],"about":[{"href":"https:\/\/www.europesays.com\/fr\/wp-json\/wp\/v2\/types\/post"}],"author":[{"embeddable":true,"href":"https:\/\/www.europesays.com\/fr\/wp-json\/wp\/v2\/users\/2"}],"replies":[{"embeddable":true,"href":"https:\/\/www.europesays.com\/fr\/wp-json\/wp\/v2\/comments?post=471478"}],"version-history":[{"count":0,"href":"https:\/\/www.europesays.com\/fr\/wp-json\/wp\/v2\/posts\/471478\/revisions"}],"wp:featuredmedia":[{"embeddable":true,"href":"https:\/\/www.europesays.com\/fr\/wp-json\/wp\/v2\/media\/471479"}],"wp:attachment":[{"href":"https:\/\/www.europesays.com\/fr\/wp-json\/wp\/v2\/media?parent=471478"}],"wp:term":[{"taxonomy":"category","embeddable":true,"href":"https:\/\/www.europesays.com\/fr\/wp-json\/wp\/v2\/categories?post=471478"},{"taxonomy":"post_tag","embeddable":true,"href":"https:\/\/www.europesays.com\/fr\/wp-json\/wp\/v2\/tags?post=471478"}],"curies":[{"name":"wp","href":"https:\/\/api.w.org\/{rel}","templated":true}]}}