{"id":471486,"date":"2025-10-18T03:08:26","date_gmt":"2025-10-18T03:08:26","guid":{"rendered":"https:\/\/www.europesays.com\/fr\/471486\/"},"modified":"2025-10-18T03:08:26","modified_gmt":"2025-10-18T03:08:26","slug":"paris-un-chef-doeuvre-de-renoir-devoile-a-lhotel-drouot","status":"publish","type":"post","link":"https:\/\/www.europesays.com\/fr\/471486\/","title":{"rendered":"Paris\u00a0: un chef-d\u2019\u0153uvre de Renoir d\u00e9voil\u00e9 \u00e0 l\u2019H\u00f4tel Drouot"},"content":{"rendered":"<p class=\"paragraph text_align_left lp-f-body-02\">Un \u00ab chef-d\u2019\u0153uvre d\u2019intimit\u00e9 \u00bb du peintre fran\u00e7ais Pierre-Auguste Renoir, dit <a href=\"https:\/\/www.leparisien.fr\/immobilier\/rueil-malmaison-la-maison-dune-ancienne-muse-dauguste-renoir-en-vente-a-55-millions-deuros-08-03-2025-PCGIDQ7YVVFFZALMFQTHSPVJZQ.php\" target=\"_blank\" rel=\"noreferrer nofollow noopener\">Auguste Renoir<\/a>, repr\u00e9sentant son fils Jean Renoir et sa nourrice Gabrielle Renard, a \u00e9t\u00e9 d\u00e9voil\u00e9 ce jeudi 16 octobre \u00e0 Paris \u00e0 l\u2019<a href=\"https:\/\/www.leparisien.fr\/paris-75\/chevaux-de-maneges-plaques-de-metro-a-drouot-les-amoureux-de-paris-sarrachent-les-vieux-tresors-de-la-capitale-23-09-2025-M2QLFAXXL5B6TBSYAEWNPJZZLI.php\" target=\"_blank\" rel=\"noreferrer nofollow noopener\">H\u00f4tel Drouot<\/a> (IXe arrondissement) o\u00f9 il sera <a href=\"https:\/\/www.leparisien.fr\/immobilier\/paris-la-vente-aux-encheres-de-limmeuble-a-43-millions-deuros-reportee-in-extremis-06-02-2025-O3XMC45PKRFEZIAZSAEIBH3EHM.php\" target=\"_blank\" rel=\"noreferrer nofollow noopener\">mis aux ench\u00e8res<\/a> le 25 novembre prochain.<\/p>\n<p class=\"paragraph text_align_left lp-f-body-02\">Intitul\u00e9 \u00ab L\u2019enfant et ses jouets &#8211; Gabrielle et le fils de l\u2019artiste, Jean \u00bb, ce tableau d\u2019une taille de 54&#215;65 cm, peint \u00e0 l\u2019huile et en parfait \u00e9tat, \u00ab est estim\u00e9 entre 1 million et 1,5 million de fa\u00e7on tr\u00e8s raisonnable \u00bb, a expliqu\u00e9 \u00e0 l\u2019AFP Christophe Joron-Derem, commissaire-priseur charg\u00e9 de sa vente par sa maison de vente aux ench\u00e8res.<\/p>\n<p class=\"paragraph text_align_left lp-f-body-02\">\u00ab Ce tableau est une \u0153uvre tr\u00e8s, tr\u00e8s importante par le format et par la p\u00e9riode. On est vraiment sur une ma\u00eetrise parfaite par Renoir de son art \u00bb, souligne Pascal Perrin, historien d\u2019art sp\u00e9cialiste de Renoir.<\/p>\n<p class=\"paragraph text_align_left lp-f-body-02\">Peint dans les ann\u00e9es 1890-1895, le tableau appartenait \u00e0 Jeanne Baudot, unique \u00e9l\u00e8ve et amie proche du ma\u00eetre. Elle le conserva jusqu\u2019\u00e0 sa mort, en 1957, dans sa maison de Louveciennes (Yvelines), o\u00f9 Auguste Renoir avait install\u00e9 son atelier.<\/p>\n<p class=\"paragraph text_align_left lp-f-body-02\">L\u2019\u0153uvre fut ensuite l\u00e9gu\u00e9e \u00e0 son \u00ab fils spirituel \u00bb Jean Griot &#8211; r\u00e9sistant lors de la Seconde Guerre mondiale et membre du cabinet du g\u00e9n\u00e9ral de Gaulle, puis directeur du Figaro dans les ann\u00e9es 1970 &#8211; avant d\u2019\u00eatre conserv\u00e9e par ses h\u00e9ritiers jusqu\u2019\u00e0 son d\u00e9c\u00e8s, en 2011.<\/p>\n<p>\u00ab Jamais sorti de la famille \u00bb<\/p>\n<p class=\"paragraph text_align_left lp-f-body-02\">\u00ab C\u2019est un tableau qui n\u2019est jamais sorti de la famille, qui n\u2019avait jamais \u00e9t\u00e9 vu et qui n\u2019\u00e9tait m\u00eame pas r\u00e9pertori\u00e9 dans les archives Wildenstein \u00bb, r\u00e9f\u00e9rence majeure dans le milieu de l\u2019art, pr\u00e9cise Christophe Joron-Derem. L\u2019\u0153uvre est d\u00e9sormais authentifi\u00e9e et a obtenu un num\u00e9ro de r\u00e9f\u00e9rence pour figurer dans le catalogue raisonn\u00e9 des \u0153uvres du peintre (inventaire officiel).<\/p>\n<p class=\"paragraph text_align_left lp-f-body-02\">Ce tableau repr\u00e9sente Jean Renoir enfant, deuxi\u00e8me fils du peintre et futur r\u00e9alisateur de \u00ab La Grande Illusion \u00bb et \u00ab La R\u00e8gle du jeu \u00bb, assis sur les genoux de sa nourrice Gabrielle Renard, concentr\u00e9 sur un jeu de petites figurines pos\u00e9es devant lui.<\/p>\n<p class=\"paragraph text_align_left lp-f-body-02\">Entr\u00e9e \u00e0 16 ans au service d\u2019Aline Charigot, l\u2019\u00e9pouse de l\u2019artiste, Gabrielle Renard consacra plus de vingt ans \u00e0 l\u2019\u00e9ducation des trois fils Renoir. Proche de la famille, elle \u00e9tait l\u2019un des mod\u00e8les privil\u00e9gi\u00e9s d\u2019Auguste Renoir, apparaissant dans pr\u00e8s de 200 toiles.<\/p>\n<p class=\"paragraph text_align_left lp-f-body-02\">Pr\u00e9sent\u00e9e comme un \u00ab chef-d\u2019\u0153uvre d\u2019intimit\u00e9 \u00bb, cette peinture se distingue notamment par \u00ab sa raret\u00e9 \u00bb, assure le commissaire-priseur.<\/p>\n<p class=\"paragraph text_align_left lp-f-body-02\">\u00ab On ne conna\u00eet que deux sujets peints de cette fa\u00e7on par Pierre-Auguste Renoir. Une peinture assez semblable est conserv\u00e9e dans les collections de la National Gallery of Art de Washington \u00bb, explique-t-il.<\/p>\n","protected":false},"excerpt":{"rendered":"Un \u00ab chef-d\u2019\u0153uvre d\u2019intimit\u00e9 \u00bb du peintre fran\u00e7ais Pierre-Auguste Renoir, dit Auguste Renoir, repr\u00e9sentant son fils Jean Renoir&hellip;\n","protected":false},"author":2,"featured_media":471487,"comment_status":"","ping_status":"","sticky":false,"template":"","format":"standard","meta":{"footnotes":""},"categories":[1358],"tags":[1348,1384,1385,872,1386,58,59,1011,27,1944,626],"class_list":{"0":"post-471486","1":"post","2":"type-post","3":"status-publish","4":"format-standard","5":"has-post-thumbnail","7":"category-arts-et-design","8":"tag-arts","9":"tag-arts-and-design","10":"tag-arts-et-design","11":"tag-culture-et-loisirs","12":"tag-design","13":"tag-divertissement","14":"tag-entertainment","15":"tag-fr","16":"tag-france","17":"tag-ma-ville","18":"tag-paris"},"share_on_mastodon":{"url":"https:\/\/pubeurope.com\/@fr\/115392971078294041","error":""},"_links":{"self":[{"href":"https:\/\/www.europesays.com\/fr\/wp-json\/wp\/v2\/posts\/471486","targetHints":{"allow":["GET"]}}],"collection":[{"href":"https:\/\/www.europesays.com\/fr\/wp-json\/wp\/v2\/posts"}],"about":[{"href":"https:\/\/www.europesays.com\/fr\/wp-json\/wp\/v2\/types\/post"}],"author":[{"embeddable":true,"href":"https:\/\/www.europesays.com\/fr\/wp-json\/wp\/v2\/users\/2"}],"replies":[{"embeddable":true,"href":"https:\/\/www.europesays.com\/fr\/wp-json\/wp\/v2\/comments?post=471486"}],"version-history":[{"count":0,"href":"https:\/\/www.europesays.com\/fr\/wp-json\/wp\/v2\/posts\/471486\/revisions"}],"wp:featuredmedia":[{"embeddable":true,"href":"https:\/\/www.europesays.com\/fr\/wp-json\/wp\/v2\/media\/471487"}],"wp:attachment":[{"href":"https:\/\/www.europesays.com\/fr\/wp-json\/wp\/v2\/media?parent=471486"}],"wp:term":[{"taxonomy":"category","embeddable":true,"href":"https:\/\/www.europesays.com\/fr\/wp-json\/wp\/v2\/categories?post=471486"},{"taxonomy":"post_tag","embeddable":true,"href":"https:\/\/www.europesays.com\/fr\/wp-json\/wp\/v2\/tags?post=471486"}],"curies":[{"name":"wp","href":"https:\/\/api.w.org\/{rel}","templated":true}]}}