{"id":471488,"date":"2025-10-18T03:09:16","date_gmt":"2025-10-18T03:09:16","guid":{"rendered":"https:\/\/www.europesays.com\/fr\/471488\/"},"modified":"2025-10-18T03:09:16","modified_gmt":"2025-10-18T03:09:16","slug":"les-5-livres-coups-de-coeur-de-lecrivain-david-lelait-helo-pour-la-semaine-du-18-octobre-2025","status":"publish","type":"post","link":"https:\/\/www.europesays.com\/fr\/471488\/","title":{"rendered":"les 5 livres coups de c\u0153ur de l&rsquo;\u00e9crivain David Lelait Helo pour la semaine du 18 octobre 2025"},"content":{"rendered":"<p class=\"mb-4 text-lg md:leading-8 break-words\">Amani a disparu, H\u00e9di, le mari, Salmane, le fils, voient soudain leur d\u00e9cor de toujours se briser en mille \u00e9clats. Salmane, le narrateur de Quatre jours sans ma m\u00e8re, se demande comment il en est venu \u00e0 \u00eatre un \u00ab\u00a0sous-fils\u00a0\u00bb, \u00e0 oublier les anniversaires de celle qui lui a donn\u00e9 la vie et l\u2019amour, \u00e0 lui refuser le partage d\u2019un caf\u00e9, d\u2019un film. \u00c0 pr\u00e8s de 40 ans, le fils n\u2019a jamais quitt\u00e9 le nid, sa chambre est la m\u00eame depuis l\u2019\u00e9cole primaire, avec schtroumpfs et L\u00e9go, son master d\u2019histoire ancienne est accroch\u00e9 au-dessus de son lit, \u00ab\u00a0\u00e0 hauteur de crucifix\u00a0\u00bb, mais apr\u00e8s un m\u00e9moire sur Cic\u00e9ron, il a finalement choisi de vendre des tiramisus dans un boui-boui et de tra\u00eener sur la dalle avec \u00ab\u00a0les damn\u00e9s de la Caverne\u00a0\u00bb. La Caverne, la cit\u00e9 o\u00f9 ses parents, tunisiens sans famille, se sont install\u00e9s le 14 juin 1978, au 8\u00e8me \u00e9tage de la tour Hirondelle, un perchoir duquel ils ne se sont plus jamais envol\u00e9s. Salmane ne s\u2019est pas non plus \u00e9loign\u00e9 d\u2019Archie, son pote depuis le CE2 ; les deux ont appris dans les livres, leurs esprits sont affut\u00e9s, mais aux lumi\u00e8res aveuglantes du dehors, ils ont pr\u00e9f\u00e9r\u00e9 les ombres de la Caverne, s\u2019enterrant vivants dans une pr\u00e9histoire plut\u00f4t qu\u2019oser \u00e9crire leur propre histoire. Maintenant que la m\u00e8re est partie, le p\u00e8re, pris de rage et de chagrin, retire son alliance, d\u00e9monte les meubles, vide le havre de sa paix. Le fils, lui, se d\u00e9bat, cherche sa m\u00e8re, et aussi la lumi\u00e8re. L\u00e0-bas, au bled, o\u00f9 il n\u2019a jamais mis les pieds, o\u00f9 l\u2019on parle une langue que ses parents (&#8230;)<\/p>\n<p class=\"mb-4 text-lg md:leading-8 break-words\">(&#8230;) <a href=\"https:\/\/www.femmeactuelle.fr\/actu\/news-actu\/litterature-les-5-livres-coups-de-coeur-de-l-ecrivain-david-lelait-helo-pour-la-semaine-du-18-octobre-2025-2199699\" rel=\"nofollow noopener\" target=\"_blank\" data-ylk=\"slk:Cliquez ici pour voir la suite;elm:context_link;itc:0;sec:content-canvas\" class=\"link \">Cliquez ici pour voir la suite<\/a><\/p>\n<p class=\"mb-4 text-lg md:leading-8 break-words\"><a href=\"https:\/\/www.femmeactuelle.fr\/actu\/news-actu\/litterature-les-5-livres-coups-de-coeur-de-l-ecrivain-david-lelait-helo-pour-la-semaine-du-04-octobre-2025-2198981\" rel=\"nofollow noopener\" target=\"_blank\" data-ylk=\"slk:Litt\u00e9rature : les 5 livres coups de c\u0153ur de l&#039;\u00e9crivain David Lelait Helo pour la semaine du 04 octobre 2025;elm:context_link;itc:0;sec:content-canvas\" class=\"link \">Litt\u00e9rature : les 5 livres coups de c\u0153ur de l&rsquo;\u00e9crivain David Lelait Helo pour la semaine du 04 octobre 2025<\/a><br \/><a href=\"https:\/\/www.femmeactuelle.fr\/actu\/news-actu\/litterature-les-3-livres-coups-de-coeur-de-l-ecrivain-david-lelait-helo-pour-la-semaine-du-5-octobre-2024-2182138\" rel=\"nofollow noopener\" target=\"_blank\" data-ylk=\"slk:Litt\u00e9rature : les 3 livres coups de c\u0153ur de l&#039;\u00e9crivain David Lelait-Helo pour la semaine du 5 octobre 2024;elm:context_link;itc:0;sec:content-canvas\" class=\"link \">Litt\u00e9rature : les 3 livres coups de c\u0153ur de l&rsquo;\u00e9crivain David Lelait-Helo pour la semaine du 5 octobre 2024<\/a><br \/><a href=\"https:\/\/www.femmeactuelle.fr\/actu\/news-actu\/litterature-les-5-livres-coups-de-coeur-de-l-ecrivain-david-lelait-helo-pour-la-semaine-du-05-avril-2025-2190384\" rel=\"nofollow noopener\" target=\"_blank\" data-ylk=\"slk:Litt\u00e9rature : les 5 livres coups de c\u0153ur de l&#039;\u00e9crivain David Lelait Helo pour la semaine du 05 avril 2025;elm:context_link;itc:0;sec:content-canvas\" class=\"link \">Litt\u00e9rature : les 5 livres coups de c\u0153ur de l&rsquo;\u00e9crivain David Lelait Helo pour la semaine du 05 avril 2025<\/a><br \/><a href=\"https:\/\/www.femmeactuelle.fr\/actu\/news-actu\/litterature-les-5-livres-coups-de-coeur-de-l-ecrivain-david-lelait-helo-pour-la-semaine-du-08-fevrier-2025-2187659\" rel=\"nofollow noopener\" target=\"_blank\" data-ylk=\"slk:Litt\u00e9rature : les 5 livres coups de c\u0153ur de l&#039;\u00e9crivain David Lelait Helo pour la semaine du 08 f\u00e9vrier 2025;elm:context_link;itc:0;sec:content-canvas\" class=\"link \">Litt\u00e9rature : les 5 livres coups de c\u0153ur de l&rsquo;\u00e9crivain David Lelait Helo pour la semaine du 08 f\u00e9vrier 2025<\/a><br \/><a href=\"https:\/\/www.femmeactuelle.fr\/actu\/news-actu\/litterature-les-5-livres-coups-de-coeur-de-l-ecrivain-david-lelait-helo-pour-la-semaine-du-22-fevrier-2025-2188020\" rel=\"nofollow noopener\" target=\"_blank\" data-ylk=\"slk:Litt\u00e9rature : les 5 livres coups de c\u0153ur de l&#039;\u00e9crivain David Lelait Helo pour la semaine du 22 f\u00e9vrier 2025;elm:context_link;itc:0;sec:content-canvas\" class=\"link \">Litt\u00e9rature : les 5 livres coups de c\u0153ur de l&rsquo;\u00e9crivain David Lelait Helo pour la semaine du 22 f\u00e9vrier 2025<\/a><\/p>\n","protected":false},"excerpt":{"rendered":"Amani a disparu, H\u00e9di, le mari, Salmane, le fils, voient soudain leur d\u00e9cor de toujours se briser en&hellip;\n","protected":false},"author":2,"featured_media":471489,"comment_status":"","ping_status":"","sticky":false,"template":"","format":"standard","meta":{"footnotes":""},"categories":[1357],"tags":[1379,59513,58,59,1011,27,1380,59514,59512],"class_list":{"0":"post-471488","1":"post","2":"type-post","3":"status-publish","4":"format-standard","5":"has-post-thumbnail","7":"category-livres","8":"tag-books","9":"tag-caverne","10":"tag-divertissement","11":"tag-entertainment","12":"tag-fr","13":"tag-france","14":"tag-livres","15":"tag-ma-mere","16":"tag-salmane"},"share_on_mastodon":{"url":"https:\/\/pubeurope.com\/@fr\/115392975222208060","error":""},"_links":{"self":[{"href":"https:\/\/www.europesays.com\/fr\/wp-json\/wp\/v2\/posts\/471488","targetHints":{"allow":["GET"]}}],"collection":[{"href":"https:\/\/www.europesays.com\/fr\/wp-json\/wp\/v2\/posts"}],"about":[{"href":"https:\/\/www.europesays.com\/fr\/wp-json\/wp\/v2\/types\/post"}],"author":[{"embeddable":true,"href":"https:\/\/www.europesays.com\/fr\/wp-json\/wp\/v2\/users\/2"}],"replies":[{"embeddable":true,"href":"https:\/\/www.europesays.com\/fr\/wp-json\/wp\/v2\/comments?post=471488"}],"version-history":[{"count":0,"href":"https:\/\/www.europesays.com\/fr\/wp-json\/wp\/v2\/posts\/471488\/revisions"}],"wp:featuredmedia":[{"embeddable":true,"href":"https:\/\/www.europesays.com\/fr\/wp-json\/wp\/v2\/media\/471489"}],"wp:attachment":[{"href":"https:\/\/www.europesays.com\/fr\/wp-json\/wp\/v2\/media?parent=471488"}],"wp:term":[{"taxonomy":"category","embeddable":true,"href":"https:\/\/www.europesays.com\/fr\/wp-json\/wp\/v2\/categories?post=471488"},{"taxonomy":"post_tag","embeddable":true,"href":"https:\/\/www.europesays.com\/fr\/wp-json\/wp\/v2\/tags?post=471488"}],"curies":[{"name":"wp","href":"https:\/\/api.w.org\/{rel}","templated":true}]}}