{"id":471492,"date":"2025-10-18T03:11:18","date_gmt":"2025-10-18T03:11:18","guid":{"rendered":"https:\/\/www.europesays.com\/fr\/471492\/"},"modified":"2025-10-18T03:11:18","modified_gmt":"2025-10-18T03:11:18","slug":"un-nouvel-album-deja-envisage-pour-2026-quelques-jours-apres-para-bellum","status":"publish","type":"post","link":"https:\/\/www.europesays.com\/fr\/471492\/","title":{"rendered":"un nouvel album d\u00e9j\u00e0 envisag\u00e9 pour 2026, quelques jours apr\u00e8s Para Bellum"},"content":{"rendered":"<p><strong>\u00c0 peine l\u2019album Para Bellum sorti, <a href=\"https:\/\/www.metalzone.fr\/testament\/\" rel=\"nofollow noopener\" target=\"_blank\">Testament<\/a> pense d\u00e9j\u00e0 \u00e0 la suite. Chuck Billy a r\u00e9cemment expliqu\u00e9 que le groupe souhaitait retourner en studio d\u00e8s 2026, port\u00e9 par la dynamique actuelle et une \u00e9nergie cr\u00e9ative raviv\u00e9e.<\/strong><\/p>\n<p>Un nouveau disque d\u00e9j\u00e0 en chantier pour 2026, dans le sillage de Para Bellum et d\u2019un \u00e9lan cr\u00e9atif retrouv\u00e9<\/p>\n<p>Dans un entretien accord\u00e9 \u00e0 <a href=\"https:\/\/knotfest.com\/blogs\/from-the-artist\/testament-s-new-album-para-bellum-still-challenging-the-thrash-legends-after-40-years\" target=\"_blank\" rel=\"noopener nofollow\">Knotfest<\/a>, Chuck Billy a \u00e9voqu\u00e9 les prochains mois alors que Para Bellum vient de para\u00eetre chez Nuclear Blast : \u201cQuand on rentrera, Eric et Chris se remettront \u00e0 \u00e9crire. On vise un nouvel album l\u2019ann\u00e9e prochaine, c\u2019est l\u2019objectif.\u201d<\/p>\n<p>Cette perspective s\u2019inscrit dans l\u2019\u00e9lan cr\u00e9atif qui anime Testament en 2025, notamment depuis l\u2019arriv\u00e9e du batteur Chris Dovas. \u00c2g\u00e9 de 27 ans, il a largement contribu\u00e9 \u00e0 la conception de Para Bellum et apport\u00e9 un souffle plus moderne au son du groupe. Billy r\u00e9sume : \u201cChris Dovas a grandi avec un style de <a href=\"https:\/\/www.metalzone.fr\/heavy-metal\/\" rel=\"nofollow noopener\" target=\"_blank\">metal<\/a> diff\u00e9rent du n\u00f4tre. Il a beaucoup travaill\u00e9 avec Eric, sans doute plus que n\u2019importe quel batteur auparavant. Ils ont trouv\u00e9 un tr\u00e8s bon \u00e9quilibre sur ce disque.\u201d<\/p>\n<p>Para Bellum : quand Testament avance avec audace<\/p>\n<p>Sorti le 10 octobre, Para Bellum ouvre une nouvelle \u00e9tape pour Testament. Le disque m\u00eale thrash classique, exp\u00e9rimentations et sonorit\u00e9s plus sombres, tout en affirmant la volont\u00e9 du groupe de rester pertinent apr\u00e8s plus de 40 ans de carri\u00e8re. Comme l\u2019explique Billy : \u201cOn avance dans la sc\u00e8ne actuelle sans avoir peur d\u2019essayer de nouvelles choses.\u201d<\/p>\n<p>Testament est actuellement en tourn\u00e9e europ\u00e9enne aux c\u00f4t\u00e9s d\u2019<a href=\"https:\/\/www.metalzone.fr\/obituary\/\" rel=\"nofollow noopener\" target=\"_blank\">Obituary<\/a>, Destruction et <a href=\"https:\/\/www.metalzone.fr\/nervosa\/\" rel=\"nofollow noopener\" target=\"_blank\">Nervosa<\/a> \u2014 une s\u00e9rie de dates qui, loin de freiner le groupe, semble nourrir ses ambitions pour le prochain enregistrement.<\/p>\n<p>Para Bellum de Testament :<\/p>\n","protected":false},"excerpt":{"rendered":"\u00c0 peine l\u2019album Para Bellum sorti, Testament pense d\u00e9j\u00e0 \u00e0 la suite. Chuck Billy a r\u00e9cemment expliqu\u00e9 que&hellip;\n","protected":false},"author":2,"featured_media":351411,"comment_status":"","ping_status":"","sticky":false,"template":"","format":"standard","meta":{"footnotes":""},"categories":[1355],"tags":[58,59,1011,27,1361,873],"class_list":{"0":"post-471492","1":"post","2":"type-post","3":"status-publish","4":"format-standard","5":"has-post-thumbnail","7":"category-musique","8":"tag-divertissement","9":"tag-entertainment","10":"tag-fr","11":"tag-france","12":"tag-music","13":"tag-musique"},"share_on_mastodon":{"url":"https:\/\/pubeurope.com\/@fr\/115392983143360425","error":""},"_links":{"self":[{"href":"https:\/\/www.europesays.com\/fr\/wp-json\/wp\/v2\/posts\/471492","targetHints":{"allow":["GET"]}}],"collection":[{"href":"https:\/\/www.europesays.com\/fr\/wp-json\/wp\/v2\/posts"}],"about":[{"href":"https:\/\/www.europesays.com\/fr\/wp-json\/wp\/v2\/types\/post"}],"author":[{"embeddable":true,"href":"https:\/\/www.europesays.com\/fr\/wp-json\/wp\/v2\/users\/2"}],"replies":[{"embeddable":true,"href":"https:\/\/www.europesays.com\/fr\/wp-json\/wp\/v2\/comments?post=471492"}],"version-history":[{"count":0,"href":"https:\/\/www.europesays.com\/fr\/wp-json\/wp\/v2\/posts\/471492\/revisions"}],"wp:featuredmedia":[{"embeddable":true,"href":"https:\/\/www.europesays.com\/fr\/wp-json\/wp\/v2\/media\/351411"}],"wp:attachment":[{"href":"https:\/\/www.europesays.com\/fr\/wp-json\/wp\/v2\/media?parent=471492"}],"wp:term":[{"taxonomy":"category","embeddable":true,"href":"https:\/\/www.europesays.com\/fr\/wp-json\/wp\/v2\/categories?post=471492"},{"taxonomy":"post_tag","embeddable":true,"href":"https:\/\/www.europesays.com\/fr\/wp-json\/wp\/v2\/tags?post=471492"}],"curies":[{"name":"wp","href":"https:\/\/api.w.org\/{rel}","templated":true}]}}