{"id":471493,"date":"2025-10-18T03:12:14","date_gmt":"2025-10-18T03:12:14","guid":{"rendered":"https:\/\/www.europesays.com\/fr\/471493\/"},"modified":"2025-10-18T03:12:14","modified_gmt":"2025-10-18T03:12:14","slug":"le-court-metrage-lego-la-reine-des-neiges-la-revanche-des-oiseaux-devoile-ses-premieres-images","status":"publish","type":"post","link":"https:\/\/www.europesays.com\/fr\/471493\/","title":{"rendered":"Le court-m\u00e9trage LEGO : La Reine des Neiges &#8211; La Revanche des Oiseaux d\u00e9voile ses premi\u00e8res images"},"content":{"rendered":"<p style=\"text-align: justify;\">Le 2 octobre dernier, <a href=\"https:\/\/www.disneyphile.fr\/frozen-fan-fest-2025-un-retour-enchante-pour-les-amateurs-darendelle\/\" target=\"_blank\" rel=\"noopener\"><strong>Disney<\/strong> d\u00e9voilait le programme complet de la 3\u00e8me \u00e9dition du <strong>Frozen Fan Fest<\/strong><\/a>. Cet \u00e9v\u00e9nement annuel est d\u00e9di\u00e9 aux fans de la franchise populaire avec de nouveaux produits et des histoires in\u00e9dites autour de l\u2019univers de <strong>La Reine des Neiges<\/strong> en attendant <a href=\"https:\/\/www.disneyphile.fr\/decouvrez-le-synopsis-de-la-reine-des-neiges-3\/\" target=\"_blank\" rel=\"noopener\">la sortie du troisi\u00e8me volet en 2027<\/a>. Parmi les festivit\u00e9s du <strong>Frozen Fan Fest<\/strong> se trouve un court-m\u00e9trage sp\u00e9cial, <strong>LEGO : La Reine des Neiges \u2013 La Revanche des Oiseaux<\/strong> (<strong>LEGO Frozen : Operation Puffins<\/strong>) qui sera disponible le 24 octobre exclusivement sur <strong>Disney+<\/strong>.<\/p>\n<p>La nouvelle aventure LEGO d\u2019Anna et Elsa arrive sur Disney+<\/p>\n<p style=\"text-align: justify;\"><strong>LEGO La Reine des Neiges \u2013 La Revanche des Oiseaux<\/strong> marque le retour de la saga en version <strong>LEGO<\/strong>, huit ans apr\u00e8s la mini-s\u00e9rie <strong>LEGO : La Reine des Neiges : La Magie des Aurores Bor\u00e9ales<\/strong>. Cette nouvelle production, r\u00e9alis\u00e9e en collaboration avec <strong>LEGO<\/strong>, promet une aventure ludique o\u00f9 les personnages revisit\u00e9s en briques s\u2019embarquent dans une mission inattendue. Elle s\u2019adresse aux familles, combinant l\u2019humour des minifigures avec les th\u00e8mes de camaraderie et de d\u00e9couverte chers \u00e0 la franchise.<\/p>\n<p style=\"text-align: justify;\"><strong>LEGO : La Reine des Neiges \u2013 La Revanche des Oiseaux<\/strong> est un court-m\u00e9trage dont l\u2019histoire se passe entre les deux premiers films. Anna et Elsa souhaitent prendre un nouveau d\u00e9part pour le royaume d\u2019Arendelle et rendre le ch\u00e2teau plus confortable. Tandis qu\u2019elles peinent \u00e0 s\u2019affranchir des traditions, le duc de Weselton a d\u2019autres projets pour leur demeure bien-aim\u00e9e, aux c\u00f4t\u00e9s d\u2019une nu\u00e9e de macareux mena\u00e7ants. Bande-annonce.<\/p>\n<p>VO :<\/p>\n<\/p>\n<p>VF :<\/p>\n<\/p>\n<p style=\"text-align: justify;\">Si vous tendez bien l\u2019oreille dans cette bande-annonce en version originale, vous remarquerez qu\u2019il est difficile de reconna\u00eetre les voix du casting vocal original d\u2019autant que <strong>Disney<\/strong> ne le mentionne pas dans le communiqu\u00e9. On ne peut alors confirmer si <strong>Kirsten Bell<\/strong> (Anna), <strong>Idina Menzel<\/strong> (Elsa), <strong>Josh Gad<\/strong> (Olaf) et <strong>Jonathan Groff<\/strong> (Kristoff) aient repris leurs r\u00f4les.<\/p>\n<p><a href=\"https:\/\/www.disneyphile.fr\/wp-content\/uploads\/2025\/10\/lego-frozen-operation-puffins.webp\" target=\"_blank\" rel=\"noopener\"><img data-lazyloaded=\"1\" data-od-xpath=\"\/HTML\/BODY\/DIV[@id='page']\/*[4][self::DIV]\/*[2][self::DIV]\/*[1][self::DIV]\/*[1][self::MAIN]\/*[1][self::DIV]\/*[1][self::DIV]\/*[1][self::DIV]\/*[1][self::DIV]\/*[2][self::DIV]\/*[2][self::ARTICLE]\/*[2][self::DIV]\/*[10][self::FIGURE]\/*[1][self::A]\/*[1][self::IMG]\" loading=\"lazy\" decoding=\"async\" class=\"wp-image-154557\" src=\"https:\/\/www.disneyphile.fr\/wp-content\/uploads\/2025\/10\/xlego-frozen-operation-puffins-300x150.webp.pagespeed.ic.1QUfdsXXYH.webp\" alt=\"lego frozen operation pucchins\" width=\"400\" height=\"200\"  data- data-pagespeed-url-hash=\"1317083144\" onload=\"pagespeed.CriticalImages.checkImageForCriticality(this);\"\/><\/a>Courtoisie de Disney+<\/p>\n<p style=\"text-align: justify;\">Dans la version fran\u00e7aise en revanche, on peut distinguer plus facilement les voix habituelles, celles d\u2019<strong>Emmylou Homs<\/strong> (Anna), <strong>Charlotte Hervieux<\/strong> (Elsa), <strong>Emmanuel Curtil<\/strong> (Olaf pour certains court-m\u00e9trages et \u00e0 <strong>Disneyland Paris<\/strong>) et <strong>Donald Reignoux<\/strong> (Kristoff).<\/p>\n<p><a href=\"https:\/\/www.disneyphile.fr\/wp-content\/uploads\/2025\/10\/lego-frozen-operation-puffins-poster.webp\" target=\"_blank\" rel=\"noopener\"><img data-lazyloaded=\"1\" data-od-xpath=\"\/HTML\/BODY\/DIV[@id='page']\/*[4][self::DIV]\/*[2][self::DIV]\/*[1][self::DIV]\/*[1][self::MAIN]\/*[1][self::DIV]\/*[1][self::DIV]\/*[1][self::DIV]\/*[1][self::DIV]\/*[2][self::DIV]\/*[2][self::ARTICLE]\/*[2][self::DIV]\/*[12][self::FIGURE]\/*[1][self::A]\/*[1][self::IMG]\" loading=\"lazy\" decoding=\"async\" class=\" wp-image-154556\" src=\"https:\/\/www.disneyphile.fr\/wp-content\/uploads\/2025\/10\/xlego-frozen-operation-puffins-poster-240x300.webp.pagespeed.ic.OZckb7fGt8.webp\" alt=\"lego frozen operation puffins\" width=\"400\" height=\"500\"  data- data-pagespeed-url-hash=\"7288497\" onload=\"pagespeed.CriticalImages.checkImageForCriticality(this);\"\/><\/a>Courtoisie de Disney+<\/p>\n<p><a href=\"https:\/\/www.youtube.com\/watch?v=R6-sFBJPYyY&amp;embeds_referring_euri=https%3A%2F%2Fwww.disneyphile.fr%2F&amp;source_ve_path=MjM4NTE\" target=\"_blank\" rel=\"noopener\">Source<\/a><\/p>\n<p>\u00a9 Disneyphile 2025 \/ Tous droits r\u00e9serv\u00e9s \/ Reproduction interdite<\/p>\n","protected":false},"excerpt":{"rendered":"Le 2 octobre dernier, Disney d\u00e9voilait le programme complet de la 3\u00e8me \u00e9dition du Frozen Fan Fest. Cet&hellip;\n","protected":false},"author":2,"featured_media":471494,"comment_status":"","ping_status":"","sticky":false,"template":"","format":"standard","meta":{"footnotes":""},"categories":[1354],"tags":[58,59,1346,1011,27,7792,1360],"class_list":{"0":"post-471493","1":"post","2":"type-post","3":"status-publish","4":"format-standard","5":"has-post-thumbnail","7":"category-films","8":"tag-divertissement","9":"tag-entertainment","10":"tag-films","11":"tag-fr","12":"tag-france","13":"tag-la-reine-des-neiges","14":"tag-movies"},"share_on_mastodon":{"url":"https:\/\/pubeurope.com\/@fr\/115392987292038581","error":""},"_links":{"self":[{"href":"https:\/\/www.europesays.com\/fr\/wp-json\/wp\/v2\/posts\/471493","targetHints":{"allow":["GET"]}}],"collection":[{"href":"https:\/\/www.europesays.com\/fr\/wp-json\/wp\/v2\/posts"}],"about":[{"href":"https:\/\/www.europesays.com\/fr\/wp-json\/wp\/v2\/types\/post"}],"author":[{"embeddable":true,"href":"https:\/\/www.europesays.com\/fr\/wp-json\/wp\/v2\/users\/2"}],"replies":[{"embeddable":true,"href":"https:\/\/www.europesays.com\/fr\/wp-json\/wp\/v2\/comments?post=471493"}],"version-history":[{"count":0,"href":"https:\/\/www.europesays.com\/fr\/wp-json\/wp\/v2\/posts\/471493\/revisions"}],"wp:featuredmedia":[{"embeddable":true,"href":"https:\/\/www.europesays.com\/fr\/wp-json\/wp\/v2\/media\/471494"}],"wp:attachment":[{"href":"https:\/\/www.europesays.com\/fr\/wp-json\/wp\/v2\/media?parent=471493"}],"wp:term":[{"taxonomy":"category","embeddable":true,"href":"https:\/\/www.europesays.com\/fr\/wp-json\/wp\/v2\/categories?post=471493"},{"taxonomy":"post_tag","embeddable":true,"href":"https:\/\/www.europesays.com\/fr\/wp-json\/wp\/v2\/tags?post=471493"}],"curies":[{"name":"wp","href":"https:\/\/api.w.org\/{rel}","templated":true}]}}