{"id":471495,"date":"2025-10-18T03:13:20","date_gmt":"2025-10-18T03:13:20","guid":{"rendered":"https:\/\/www.europesays.com\/fr\/471495\/"},"modified":"2025-10-18T03:13:20","modified_gmt":"2025-10-18T03:13:20","slug":"sante-pourquoi-il-faut-eviter-les-seches-mains-dans-les-toilettes-publiques","status":"publish","type":"post","link":"https:\/\/www.europesays.com\/fr\/471495\/","title":{"rendered":"Sant\u00e9. Pourquoi il faut \u00e9viter les s\u00e8ches-mains dans les toilettes publiques"},"content":{"rendered":"<p>Depuis la pand\u00e9mie de Covid-19, on le sait tous, se laver les mains est le premier geste barri\u00e8re pour \u00e9viter les microbes. Mais les mains mouill\u00e9es augmentent le risque de transmission des bact\u00e9ries. Le s\u00e9chage est donc une \u00e9tape de pr\u00e9vention tout aussi importante.<\/p>\n<p>Les professionnels l\u2019ont bien compris. Dans les toilettes des supermarch\u00e9s, a\u00e9roports ou autres cin\u00e9mas\u2026 les s\u00e8che-mains \u00e0 air \u00e9lectriques sont quasiment devenus la norme. Mais garantissent-ils vraiment une s\u00e9curit\u00e9 contre les microbes et les virus ?<\/p>\n<p>Pas si s\u00fbr. En r\u00e9alit\u00e9, de nombreuses recherches ont montr\u00e9 que les s\u00e8che-mains \u00e0 air chaud des toilettes publiques pourraient aspirer les bact\u00e9ries de l\u2019air ambiant et les rel\u00e2cher sur les mains fra\u00eechement lav\u00e9es de clients sans m\u00e9fiance.<\/p>\n<p>Plus de 200 colonies de bact\u00e9ries<\/p>\n<p>Citons un travail de 2021 conduit par des scientifiques de l\u2019Universit\u00e9 de Cambridge (Grande-Bretagne). Des volontaires ont \u00e9t\u00e9 invit\u00e9s \u00e0 porter des tabliers au moment de se laver et de se s\u00e9cher les mains. La moiti\u00e9 des participants utilisait un s\u00e8che-mains \u00e0 air puls\u00e9 tandis que l\u2019autre se servait de serviettes en papier.<\/p>\n<p>R\u00e9sultat, les utilisateurs de s\u00e8che-mains se sont retrouv\u00e9s avec plus de bact\u00e9ries que pr\u00e9vu sur leurs mains.<\/p>\n<p>M\u00eame son de cloche pour une \u00e9tude men\u00e9e trois ans plus t\u00f4t, mais aux Etats-Unis cette fois-ci (Universit\u00e9 du Connecticut). Des chercheurs ont expos\u00e9 \u2013 durant 30 secondes \u2013 des bo\u00eetes de P\u00e9tri (bo\u00eete cylindrique transparente utilis\u00e9e en laboratoire) \u00e0 l\u2019air chaud des s\u00e8che-mains. Une exp\u00e9rience spectaculaire qui a vu la naissance de 254 colonies de bact\u00e9ries \u00e0 l\u2019int\u00e9rieur de ces petites bo\u00eetes.<\/p>\n<p>Un conseil donc : il est parfois pr\u00e9f\u00e9rable de privil\u00e9gier les techniques traditionnelles aux technologies de pointe. \u00ab S\u00e9cher vos mains avec des serviettes en papier les s\u00e8che non seulement plus rapidement, mais la friction d\u00e9loge \u00e9galement les bact\u00e9ries pour les laisser plus propres \u00bb, note sur son site la clinique de Cleveland.<\/p>\n<p>Quant aux distributeurs de serviettes en tissu ? Mieux vaut les \u00e9viter. Le bout de torchon au bout du rouleau a tendance \u00e0 \u00eatre r\u00e9utilis\u00e9 \u00e0 maintes reprises. Cela favorise l\u00e0 encore la transmission des germes de main en main.<\/p>\n","protected":false},"excerpt":{"rendered":"Depuis la pand\u00e9mie de Covid-19, on le sait tous, se laver les mains est le premier geste barri\u00e8re&hellip;\n","protected":false},"author":2,"featured_media":471496,"comment_status":"","ping_status":"","sticky":false,"template":"","format":"standard","meta":{"footnotes":""},"categories":[10],"tags":[107,1011,27,72,1031,5362,71],"class_list":{"0":"post-471495","1":"post","2":"type-post","3":"status-publish","4":"format-standard","5":"has-post-thumbnail","7":"category-sante","8":"tag-fil-info","9":"tag-fr","10":"tag-france","11":"tag-health","12":"tag-magazine","13":"tag-magazine-sante","14":"tag-sante"},"share_on_mastodon":{"url":"https:\/\/pubeurope.com\/@fr\/115392990707256869","error":""},"_links":{"self":[{"href":"https:\/\/www.europesays.com\/fr\/wp-json\/wp\/v2\/posts\/471495","targetHints":{"allow":["GET"]}}],"collection":[{"href":"https:\/\/www.europesays.com\/fr\/wp-json\/wp\/v2\/posts"}],"about":[{"href":"https:\/\/www.europesays.com\/fr\/wp-json\/wp\/v2\/types\/post"}],"author":[{"embeddable":true,"href":"https:\/\/www.europesays.com\/fr\/wp-json\/wp\/v2\/users\/2"}],"replies":[{"embeddable":true,"href":"https:\/\/www.europesays.com\/fr\/wp-json\/wp\/v2\/comments?post=471495"}],"version-history":[{"count":0,"href":"https:\/\/www.europesays.com\/fr\/wp-json\/wp\/v2\/posts\/471495\/revisions"}],"wp:featuredmedia":[{"embeddable":true,"href":"https:\/\/www.europesays.com\/fr\/wp-json\/wp\/v2\/media\/471496"}],"wp:attachment":[{"href":"https:\/\/www.europesays.com\/fr\/wp-json\/wp\/v2\/media?parent=471495"}],"wp:term":[{"taxonomy":"category","embeddable":true,"href":"https:\/\/www.europesays.com\/fr\/wp-json\/wp\/v2\/categories?post=471495"},{"taxonomy":"post_tag","embeddable":true,"href":"https:\/\/www.europesays.com\/fr\/wp-json\/wp\/v2\/tags?post=471495"}],"curies":[{"name":"wp","href":"https:\/\/api.w.org\/{rel}","templated":true}]}}