{"id":471499,"date":"2025-10-18T03:15:19","date_gmt":"2025-10-18T03:15:19","guid":{"rendered":"https:\/\/www.europesays.com\/fr\/471499\/"},"modified":"2025-10-18T03:15:19","modified_gmt":"2025-10-18T03:15:19","slug":"jarry-revele-les-vraies-raisons-de-son-depart","status":"publish","type":"post","link":"https:\/\/www.europesays.com\/fr\/471499\/","title":{"rendered":"Jarry r\u00e9v\u00e8le les vraies raisons de son d\u00e9part"},"content":{"rendered":"<p>Jarry revient dans la place. Il y a un an et demi, en avril\u00a02024, l\u2019animateur annon\u00e7ait son d\u00e9part de la pr\u00e9sentation \u00ab\u00a0Tout le monde veut prendre sa place\u00a0\u00bb, sur <a href=\"https:\/\/www.20minutes.fr\/television\/france_2\/\" class=\"c-link c-link--is-underlined\" target=\"_blank\" rel=\"noopener\">France 2<\/a>. Et ce, quelques mois seulement apr\u00e8s son arriv\u00e9e \u00e0 la t\u00eate du jeu. Jarry avait alors justifi\u00e9 sa d\u00e9cision par le d\u00e9but de sa tourn\u00e9e des z\u00e9niths et de son d\u00e9sir de passer davantage de temps en <a href=\"https:\/\/www.20minutes.fr\/dossier\/famille\" class=\"c-link c-link--is-underlined\" target=\"_blank\" rel=\"noopener\">famille<\/a>. Mais depuis, l\u2019humoriste a livr\u00e9 de nouvelles explications sur son retrait du jeu t\u00e9l\u00e9vis\u00e9.<\/p>\n<p>Emotions et routine<\/p>\n<p>En juillet dernier, Jarry avait r\u00e9v\u00e9l\u00e9 avoir eu des difficult\u00e9s vis-\u00e0-vis de l\u2019attachement \u00e9motionnel qu\u2019il \u00e9prouvait envers les candidats de \u00ab\u00a0Tout le monde veut prendre sa place\u00a0\u00bb. \u00ab\u00a0C\u2019\u00e9tait une \u00e9mission super, mais qui ne m\u2019amusait plus \u00e0 la fin, avait-il confi\u00e9 \u00e0 <a href=\"https:\/\/tvmag.lefigaro.fr\/programme-tv\/actu-tele\/son-spectacle-son-retour-inattendu-sur-tf1-ses-enfants-les-confidences-de-jarry-20250720\" rel=\"nofollow noopener\" target=\"_blank\" class=\"c-link c-link--is-underlined\">TV Magazine<\/a>. Je vivais tr\u00e8s mal que des gens perdent six fois par jour. \u00c7a m\u2019affectait profond\u00e9ment. Les trois premi\u00e8res semaines de tournage, je pleurais syst\u00e9matiquement \u00e0 la fin de chaque \u00e9mission.\u00a0\u00bb<\/p>\n<p>L\u2019humoriste avait \u00e9galement indiqu\u00e9 avoir voulu \u00e9viter de tomber dans la routine cathodique. \u00ab\u00a0Je suis un hyperactif donc d\u00e8s que j\u2019ai senti que la m\u00e9canique \u00e9tait bien ma\u00eetris\u00e9e, je tombais dans une routine, avait-il assur\u00e9. Je suis quelqu\u2019un de tr\u00e8s libre et \u00e0 la t\u00e9l\u00e9, tout est lisse.\u00a0\u00bb<\/p>\n<p>\u00ab\u00a0J\u2019ai fait un petit burn-out\u00a0\u00bb<\/p>\n<p>A nos confr\u00e8res du Parisien, Jarry est revenu sur son \u00e9tat physique et psychologique de l\u2019\u00e9poque. \u00ab\u00a0J\u2019ai ador\u00e9 pr\u00e9senter \u00a0\u00bbTout le monde veut prendre sa place\u00a0\u00bb, a-t-il tenu \u00e0 pr\u00e9ciser. Mais je tournais vingt et une \u00e9missions par semaine, du lundi au mercredi, et j\u2019\u00e9tais sur sc\u00e8ne du jeudi au samedi.\u00a0\u00bb<\/p>\n<p><\/p>\n<p>Un rythme soutenu donc, non sans cons\u00e9quences. \u00ab\u00a0J\u2019ai commenc\u00e9 \u00e0 avoir des rhumatismes aux genoux, une fatigue du syst\u00e8me digestif, plein d\u2019allergies\u2026 J\u2019ai fait un petit burn-out\u00a0\u00bb, a indiqu\u00e9 l\u2019artiste, qui pr\u00e9pare une adaptation en <a href=\"https:\/\/www.20minutes.fr\/arts-stars\/serie\/\" class=\"c-link c-link--is-underlined\" target=\"_blank\" rel=\"noopener\">s\u00e9rie<\/a> de la com\u00e9die Maison de retraite, et qui va prendre prochainement les commandes de \u00ab\u00a0The Imposter\u00a0\u00bb, un nouveau jeu sur <a href=\"https:\/\/www.20minutes.fr\/dossier\/tf1\" class=\"c-link c-link--is-underlined\" target=\"_blank\" rel=\"noopener\">TF1<\/a>.<\/p>\n","protected":false},"excerpt":{"rendered":"Jarry revient dans la place. Il y a un an et demi, en avril\u00a02024, l\u2019animateur annon\u00e7ait son d\u00e9part&hellip;\n","protected":false},"author":2,"featured_media":471500,"comment_status":"","ping_status":"","sticky":false,"template":"","format":"standard","meta":{"footnotes":""},"categories":[8],"tags":[58,59,1011,27,594,708,330,252],"class_list":{"0":"post-471499","1":"post","2":"type-post","3":"status-publish","4":"format-standard","5":"has-post-thumbnail","7":"category-divertissement","8":"tag-divertissement","9":"tag-entertainment","10":"tag-fr","11":"tag-france","12":"tag-france-2","13":"tag-humour","14":"tag-jeux","15":"tag-television"},"share_on_mastodon":{"url":"https:\/\/pubeurope.com\/@fr\/115392998554391490","error":""},"_links":{"self":[{"href":"https:\/\/www.europesays.com\/fr\/wp-json\/wp\/v2\/posts\/471499","targetHints":{"allow":["GET"]}}],"collection":[{"href":"https:\/\/www.europesays.com\/fr\/wp-json\/wp\/v2\/posts"}],"about":[{"href":"https:\/\/www.europesays.com\/fr\/wp-json\/wp\/v2\/types\/post"}],"author":[{"embeddable":true,"href":"https:\/\/www.europesays.com\/fr\/wp-json\/wp\/v2\/users\/2"}],"replies":[{"embeddable":true,"href":"https:\/\/www.europesays.com\/fr\/wp-json\/wp\/v2\/comments?post=471499"}],"version-history":[{"count":0,"href":"https:\/\/www.europesays.com\/fr\/wp-json\/wp\/v2\/posts\/471499\/revisions"}],"wp:featuredmedia":[{"embeddable":true,"href":"https:\/\/www.europesays.com\/fr\/wp-json\/wp\/v2\/media\/471500"}],"wp:attachment":[{"href":"https:\/\/www.europesays.com\/fr\/wp-json\/wp\/v2\/media?parent=471499"}],"wp:term":[{"taxonomy":"category","embeddable":true,"href":"https:\/\/www.europesays.com\/fr\/wp-json\/wp\/v2\/categories?post=471499"},{"taxonomy":"post_tag","embeddable":true,"href":"https:\/\/www.europesays.com\/fr\/wp-json\/wp\/v2\/tags?post=471499"}],"curies":[{"name":"wp","href":"https:\/\/api.w.org\/{rel}","templated":true}]}}