{"id":471505,"date":"2025-10-18T03:19:13","date_gmt":"2025-10-18T03:19:13","guid":{"rendered":"https:\/\/www.europesays.com\/fr\/471505\/"},"modified":"2025-10-18T03:19:13","modified_gmt":"2025-10-18T03:19:13","slug":"une-creche-montessori-fermee-apres-de-graves-anomalies-dans-laccueil-des-enfants","status":"publish","type":"post","link":"https:\/\/www.europesays.com\/fr\/471505\/","title":{"rendered":"Une cr\u00e8che Montessori ferm\u00e9e apr\u00e8s de \u00ab\u00a0graves anomalies\u00a0\u00bb dans l\u2019accueil des enfants"},"content":{"rendered":"<p>Une micro-<a href=\"https:\/\/www.20minutes.fr\/dossier\/creche\" class=\"c-link c-link--is-underlined\" rel=\"nofollow noopener\" target=\"_blank\">cr\u00e8che<\/a> priv\u00e9e Montessori \u00e0 <a href=\"https:\/\/www.20minutes.fr\/societe\/amiens\/\" class=\"c-link c-link--is-underlined\" rel=\"nofollow noopener\" target=\"_blank\">Amiens<\/a> (<a href=\"https:\/\/www.20minutes.fr\/dossier\/somme\" class=\"c-link c-link--is-underlined\" rel=\"nofollow noopener\" target=\"_blank\">Somme<\/a>) a \u00e9t\u00e9 ferm\u00e9e administrativement pour trois mois. Le 9 octobre, une enqu\u00eate administrative du service de protection maternelle et infantile (PMI) de la Somme a mis en \u00e9vidence de \u00ab\u00a0graves anomalies\u00a0\u00bb en mati\u00e8re de \u00ab\u00a0bien-\u00eatre et de s\u00e9curit\u00e9 des enfants accueillis\u00a0\u00bb dans cette structure.<\/p>\n<p>Dans un arr\u00eat\u00e9 pris le 10\u00a0octobre, le d\u00e9partement souligne que plusieurs salari\u00e9es ou anciennes salari\u00e9es de cette structure ont initialement effectu\u00e9 un signalement visant la directrice de la micro-cr\u00e8che. Ces personnes ont notamment d\u00e9nonc\u00e9 de la \u00ab\u00a0violence verbale\u00a0\u00bb, des \u00ab\u00a0propos humiliants\u00a0\u00bb et des \u00ab\u00a0menaces\u00a0\u00bb prof\u00e9r\u00e9es aux bambins, de l&rsquo;\u00ab\u00a0alimentation forc\u00e9e\u00a0\u00bb d\u2019enfants en pleurs. Ainsi qu\u2019une \u00ab\u00a0pratique inadapt\u00e9e de l\u2019emmaillotage instaur\u00e9e par la gestionnaire sur les enfants au moment de la sieste pour les emp\u00eacher de se mouvoir\u00a0\u00bb, selon l\u2019arr\u00eat\u00e9.<\/p>\n<p>Accusations d\u2019anciennes salari\u00e9es<\/p>\n<p>Certaines ex-salari\u00e9es ont \u00e9galement confi\u00e9 au quotidien r\u00e9gional <a href=\"https:\/\/www.courrier-picard.fr\/id667202\/article\/2025-10-17\/amiens-la-micro-creche-montessori-fermee-apres-des-signalements-de-maltraitance\" target=\"_blank\" class=\"c-link c-link--is-underlined\" rel=\"nofollow noopener\">Le Courrier Picard<\/a> des \u00ab\u00a0tapes sur les mains\u00a0\u00bb, des \u00ab\u00a0b\u00e9b\u00e9s laiss\u00e9s dans leurs couches lavables mouill\u00e9es pour \u00e9viter de faire des machines\u00a0\u00bb ou encore des insultes comme \u00ab\u00a0petit b\u00e2tard\u00a0\u00bb.<\/p>\n<\/p>\n<p>Contact\u00e9e vendredi, la responsable de la structure \u00ab\u00a0nie totalement\u00a0\u00bb \u00eatre directement impliqu\u00e9e dans ces faits, assurant \u00e0 l\u2019inverse avoir vu des salari\u00e9es \u00ab\u00a0faire certaines choses\u00a0\u00bb et avoir eu l\u2019intention de les licencier pour ces faits. Concernant l\u2019emmaillotage, \u00ab\u00a0je ne leur ai jamais dit de les serrer de cette fa\u00e7on-l\u00e0\u2026\u00a0\u00bb, a assur\u00e9 cette responsable. \u00ab\u00a0Et je n\u2019ai jamais insult\u00e9 un enfant qui pleure\u00a0\u00bb.<\/p>\n<p><a href=\"https:\/\/www.20minutes.fr\/dossier\/creche\" class=\"c-link c-btn c-btn--primary\" rel=\"nofollow noopener\" target=\"_blank\">Notre dossier sur les cr\u00e8ches<\/a><\/p>\n<p>Elle a par ailleurs soulign\u00e9 que la micro-cr\u00e8che, en difficult\u00e9 financi\u00e8re ces derniers temps, ne survivrait pas \u00e0 cette fermeture provisoire et qu\u2019elle pr\u00e9voit d\u2019entamer une proc\u00e9dure de liquidation judiciaire. La micro-cr\u00e8che accueillait avant sa fermeture huit enfants de moins de trois ans, pour une capacit\u00e9 totale de 12 places.<\/p>\n","protected":false},"excerpt":{"rendered":"Une micro-cr\u00e8che priv\u00e9e Montessori \u00e0 Amiens (Somme) a \u00e9t\u00e9 ferm\u00e9e administrativement pour trois mois. Le 9 octobre, une&hellip;\n","protected":false},"author":2,"featured_media":471506,"comment_status":"","ping_status":"","sticky":false,"template":"","format":"standard","meta":{"footnotes":""},"categories":[4],"tags":[47,11,24738,2695,847,1011,27,811,12,812,25,104,1941],"class_list":{"0":"post-471505","1":"post","2":"type-post","3":"status-publish","4":"format-standard","5":"has-post-thumbnail","7":"category-france","8":"tag-actualite","9":"tag-actualites","10":"tag-amiens","11":"tag-creche","12":"tag-enfant","13":"tag-fr","14":"tag-france","15":"tag-hauts-de-france","16":"tag-news","17":"tag-picardie","18":"tag-republique-francaise","19":"tag-societe","20":"tag-somme"},"share_on_mastodon":{"url":"https:\/\/pubeurope.com\/@fr\/115393014252904356","error":""},"_links":{"self":[{"href":"https:\/\/www.europesays.com\/fr\/wp-json\/wp\/v2\/posts\/471505","targetHints":{"allow":["GET"]}}],"collection":[{"href":"https:\/\/www.europesays.com\/fr\/wp-json\/wp\/v2\/posts"}],"about":[{"href":"https:\/\/www.europesays.com\/fr\/wp-json\/wp\/v2\/types\/post"}],"author":[{"embeddable":true,"href":"https:\/\/www.europesays.com\/fr\/wp-json\/wp\/v2\/users\/2"}],"replies":[{"embeddable":true,"href":"https:\/\/www.europesays.com\/fr\/wp-json\/wp\/v2\/comments?post=471505"}],"version-history":[{"count":0,"href":"https:\/\/www.europesays.com\/fr\/wp-json\/wp\/v2\/posts\/471505\/revisions"}],"wp:featuredmedia":[{"embeddable":true,"href":"https:\/\/www.europesays.com\/fr\/wp-json\/wp\/v2\/media\/471506"}],"wp:attachment":[{"href":"https:\/\/www.europesays.com\/fr\/wp-json\/wp\/v2\/media?parent=471505"}],"wp:term":[{"taxonomy":"category","embeddable":true,"href":"https:\/\/www.europesays.com\/fr\/wp-json\/wp\/v2\/categories?post=471505"},{"taxonomy":"post_tag","embeddable":true,"href":"https:\/\/www.europesays.com\/fr\/wp-json\/wp\/v2\/tags?post=471505"}],"curies":[{"name":"wp","href":"https:\/\/api.w.org\/{rel}","templated":true}]}}