{"id":471509,"date":"2025-10-18T03:21:13","date_gmt":"2025-10-18T03:21:13","guid":{"rendered":"https:\/\/www.europesays.com\/fr\/471509\/"},"modified":"2025-10-18T03:21:13","modified_gmt":"2025-10-18T03:21:13","slug":"le-tunnel-du-rond-point-ferme-4-nuits-en-direction-de-firminy","status":"publish","type":"post","link":"https:\/\/www.europesays.com\/fr\/471509\/","title":{"rendered":"le tunnel du rond-point ferm\u00e9 4 nuits en direction de Firminy"},"content":{"rendered":"<p><img decoding=\"async\" class=\"\" style=\"width:100%\" src=\"https:\/\/www.europesays.com\/fr\/wp-content\/uploads\/2025\/10\/tunnel_du_rond_point1760705130221.png\" alt=\"Le tunnel du rond point.\"\/><\/p>\n<p>Le tunnel du rond point.<\/p>\n<p>Cr\u00e9dit : Capture d&rsquo;\u00e9cran.<\/p>\n<p>Un chantier d&rsquo;entretien du tunnel du rond-point va d\u00e9buter sur la RN88 la semaine prochaine. Cons\u00e9quence : dans le sens \u00a0Saint-\u00c9tienne \/ Firminy, l&rsquo;ouvrage sera ferm\u00e9 entre l\u2019\u00e9changeur 21 (Le Rond-Point) et celui de La Rivi\u00e8re, les nuits du lundi 20 au jeudi 23 octobre, de 21 heures \u00e0 6 heures le lendemain.<\/p>\n<p>Pour les usagers, il faudra emprunter l\u2019A72, direction Andr\u00e9zieux, puis passer par la rocade Ouest avant de pouvoir retrouver la nationale \u00e0 hauteur de La Ricamarie. \u00c0 noter que dans l&rsquo;autre sens, sur ces m\u00eames cr\u00e9neaux, la circulation reste possible sous le tunnel du rond-point, mais uniquement sur une voie.<\/p>\n","protected":false},"excerpt":{"rendered":"Le tunnel du rond point. Cr\u00e9dit : Capture d&rsquo;\u00e9cran. Un chantier d&rsquo;entretien du tunnel du rond-point va d\u00e9buter&hellip;\n","protected":false},"author":2,"featured_media":471510,"comment_status":"","ping_status":"","sticky":false,"template":"","format":"standard","meta":{"footnotes":""},"categories":[9653],"tags":[1111,11,2430,1777,674,10282,1011,27,12,25,15292,20997,4001,2086,17374],"class_list":{"0":"post-471509","1":"post","2":"type-post","3":"status-publish","4":"format-standard","5":"has-post-thumbnail","7":"category-saint-etienne","8":"tag-actu","9":"tag-actualites","10":"tag-auvergne-rhone-alpes","11":"tag-eu","12":"tag-europe","13":"tag-firminy","14":"tag-fr","15":"tag-france","16":"tag-news","17":"tag-republique-francaise","18":"tag-rn88","19":"tag-rond-point","20":"tag-saint-etienne","21":"tag-travaux","22":"tag-tunnel"},"share_on_mastodon":{"url":"https:\/\/pubeurope.com\/@fr\/115393022815110217","error":""},"_links":{"self":[{"href":"https:\/\/www.europesays.com\/fr\/wp-json\/wp\/v2\/posts\/471509","targetHints":{"allow":["GET"]}}],"collection":[{"href":"https:\/\/www.europesays.com\/fr\/wp-json\/wp\/v2\/posts"}],"about":[{"href":"https:\/\/www.europesays.com\/fr\/wp-json\/wp\/v2\/types\/post"}],"author":[{"embeddable":true,"href":"https:\/\/www.europesays.com\/fr\/wp-json\/wp\/v2\/users\/2"}],"replies":[{"embeddable":true,"href":"https:\/\/www.europesays.com\/fr\/wp-json\/wp\/v2\/comments?post=471509"}],"version-history":[{"count":0,"href":"https:\/\/www.europesays.com\/fr\/wp-json\/wp\/v2\/posts\/471509\/revisions"}],"wp:featuredmedia":[{"embeddable":true,"href":"https:\/\/www.europesays.com\/fr\/wp-json\/wp\/v2\/media\/471510"}],"wp:attachment":[{"href":"https:\/\/www.europesays.com\/fr\/wp-json\/wp\/v2\/media?parent=471509"}],"wp:term":[{"taxonomy":"category","embeddable":true,"href":"https:\/\/www.europesays.com\/fr\/wp-json\/wp\/v2\/categories?post=471509"},{"taxonomy":"post_tag","embeddable":true,"href":"https:\/\/www.europesays.com\/fr\/wp-json\/wp\/v2\/tags?post=471509"}],"curies":[{"name":"wp","href":"https:\/\/api.w.org\/{rel}","templated":true}]}}