{"id":471518,"date":"2025-10-18T03:27:10","date_gmt":"2025-10-18T03:27:10","guid":{"rendered":"https:\/\/www.europesays.com\/fr\/471518\/"},"modified":"2025-10-18T03:27:10","modified_gmt":"2025-10-18T03:27:10","slug":"festilez-revient-au-kiasma-avec-huit-spectacles-et-une-invitee-dhonneur","status":"publish","type":"post","link":"https:\/\/www.europesays.com\/fr\/471518\/","title":{"rendered":"Festilez revient au Kiasma avec huit spectacles et une invit\u00e9e d\u2019honneur"},"content":{"rendered":"<p>Le Kiasma accueille durant un week-end, du samedi 18 au mercredi 22 octobre, la 27e \u00e9dition de Festilez. Ce festival, unique en son genre dans la r\u00e9gion, met \u00e0 l\u2019honneur le spectacle vivant avec huit spectacles jou\u00e9s par diverses compagnies bas\u00e9es en Occitanie et allant de la com\u00e9die au vaudeville en passant par le thriller et le th\u00e9\u00e2tre musical.<\/p>\n<p>    <b>Une exposition et un prix pour clore le festival<\/b><\/p>\n<p>Plusieurs temps forts accompagnent les huit spectacles programm\u00e9s. L\u2019ouverture de Festilez 2025, samedi 18 octobre \u00e0 15 h se fera en pr\u00e9sence de l\u2019invit\u00e9e d\u2019honneur, B\u00e9atrice Massenet, journaliste et autrice de th\u00e9\u00e2tre, s\u0153ur de l\u2019animatrice t\u00e9l\u00e9 Ariane Massenet. B\u00e9atrice Massenet a \u00e9crit la pi\u00e8ce Comme Des S\u0153urs \u2013 Lez d\u2019Or Prix du Public 2024 \u2013 reprogramm\u00e9e sur l\u2019\u00e9dition 2025 en ouverture le 18 octobre \u00e0 15 h 30 et suivie d\u2019un go\u00fbter inaugural. La pr\u00e9sence de cette invit\u00e9e d\u2019honneur donnera lieu \u00e0 deux s\u00e9ances de d\u00e9dicaces du texte et de l\u2019affiche de la pi\u00e8ce Comme Des S\u0153urs les samedi 18 \u00e0 17 h et dimanche 19 \u00e0 12 h. Puis, une table ronde \u00ab\u00a0Paroles d\u2019auteurs\u00a0\u00bb en pr\u00e9sence de l\u2019invit\u00e9e d\u2019honneur et de plusieurs auteurs de th\u00e9\u00e2tre aura lieu le dimanche 19 \u00e0 11 h.<\/p>\n<p>Par ailleurs, une exposition d\u2019arts plastiques se tiendra sur la dur\u00e9e du Festival m\u00ealant artistes locaux et \u00e9l\u00e8ves de l\u2019association les peintres de Castelnau.<\/p>\n<p>La cl\u00f4ture de Festilez 2025, mercredi 22 octobre \u00e0 19 h donnera lieu \u00e0 la remise du Lez D\u2019or, prix du public, en faveur de la compagnie laur\u00e9ate, le public \u00e9tant invit\u00e9 \u00e0 voter apr\u00e8s chacun des spectacles du Festival. Elle sera suivie de la repr\u00e9sentation de Cesaria, Divine Diva (th\u00e9\u00e2tre musical avec des musiciens en live) \u00e0 19 h 30 et du buffet de cl\u00f4ture. La manifestation est organis\u00e9e par l\u2019association Castelnau En Sc\u00e8nes sous l\u2019\u00e9gide de l\u2019Union Languedoc-Roussillon de la FNCTA.<\/p>\n<p>Tarifs : 10 \u20ac par spectacle, 20 \u20ac les trois, 40 \u20ac tous les spectacles. Gratuit pour les moins de 15 ans, 1 entr\u00e9e gratuite par groupe de 10. Infos : <a href=\"https:\/\/www.midilibre.fr\/2025\/10\/18\/mailto:festilez@hotmail.com\" rel=\"nofollow noopener\" target=\"_blank\">festilez@hotmail.com<\/a> et 06 25 46 45 30.<\/p>\n<p>Correspondante Midi Libre : 06 62 55 20 77<\/p>\n","protected":false},"excerpt":{"rendered":"Le Kiasma accueille durant un week-end, du samedi 18 au mercredi 22 octobre, la 27e \u00e9dition de Festilez.&hellip;\n","protected":false},"author":2,"featured_media":471519,"comment_status":"","ping_status":"","sticky":false,"template":"","format":"standard","meta":{"footnotes":""},"categories":[9599],"tags":[1111,11,1777,674,1011,27,2208,12,2680,25],"class_list":{"0":"post-471518","1":"post","2":"type-post","3":"status-publish","4":"format-standard","5":"has-post-thumbnail","7":"category-montpellier","8":"tag-actu","9":"tag-actualites","10":"tag-eu","11":"tag-europe","12":"tag-fr","13":"tag-france","14":"tag-montpellier","15":"tag-news","16":"tag-occitanie","17":"tag-republique-francaise"},"share_on_mastodon":{"url":"https:\/\/pubeurope.com\/@fr\/115393045705572027","error":""},"_links":{"self":[{"href":"https:\/\/www.europesays.com\/fr\/wp-json\/wp\/v2\/posts\/471518","targetHints":{"allow":["GET"]}}],"collection":[{"href":"https:\/\/www.europesays.com\/fr\/wp-json\/wp\/v2\/posts"}],"about":[{"href":"https:\/\/www.europesays.com\/fr\/wp-json\/wp\/v2\/types\/post"}],"author":[{"embeddable":true,"href":"https:\/\/www.europesays.com\/fr\/wp-json\/wp\/v2\/users\/2"}],"replies":[{"embeddable":true,"href":"https:\/\/www.europesays.com\/fr\/wp-json\/wp\/v2\/comments?post=471518"}],"version-history":[{"count":0,"href":"https:\/\/www.europesays.com\/fr\/wp-json\/wp\/v2\/posts\/471518\/revisions"}],"wp:featuredmedia":[{"embeddable":true,"href":"https:\/\/www.europesays.com\/fr\/wp-json\/wp\/v2\/media\/471519"}],"wp:attachment":[{"href":"https:\/\/www.europesays.com\/fr\/wp-json\/wp\/v2\/media?parent=471518"}],"wp:term":[{"taxonomy":"category","embeddable":true,"href":"https:\/\/www.europesays.com\/fr\/wp-json\/wp\/v2\/categories?post=471518"},{"taxonomy":"post_tag","embeddable":true,"href":"https:\/\/www.europesays.com\/fr\/wp-json\/wp\/v2\/tags?post=471518"}],"curies":[{"name":"wp","href":"https:\/\/api.w.org\/{rel}","templated":true}]}}