{"id":471520,"date":"2025-10-18T03:28:25","date_gmt":"2025-10-18T03:28:25","guid":{"rendered":"https:\/\/www.europesays.com\/fr\/471520\/"},"modified":"2025-10-18T03:28:25","modified_gmt":"2025-10-18T03:28:25","slug":"boxes-cambrioles-dans-des-residences-a-montpellier-et-juvignac-lun-des-suspects-interpelles-etait-sorti-de-prison-le-1er-aout","status":"publish","type":"post","link":"https:\/\/www.europesays.com\/fr\/471520\/","title":{"rendered":"Boxes cambriol\u00e9s dans des r\u00e9sidences \u00e0 Montpellier et Juvignac\u00a0: l\u2019un des suspects interpell\u00e9s \u00e9tait sorti de prison le 1er\u00a0ao\u00fbt"},"content":{"rendered":"<p>\n                                                                Les enqu\u00eateurs de la police nationale ont r\u00e9ussi \u00e0 identifier et interpeller cet homme et son complice. On leur impute 35 vols avec effraction dans des garages, commis depuis d\u00e9but septembre.\n                            <\/p>\n<p>Le 30\u00a0septembre dernier, un homme d\u00e9pose plainte aupr\u00e8s de la police nationale pour un vol commis deux jours plus t\u00f4t dans le parking souterrain de sa r\u00e9sidence, rue Serge-Lifar \u00e0 Montpellier, dans le quartier d\u2019Alco. Son box a \u00e9t\u00e9 cambriol\u00e9. On lui a d\u00e9rob\u00e9 un v\u00e9lo, du vin et un aspirateur.<\/p>\n<p>Cinq garages cambriol\u00e9s dans le m\u00eame immeuble<\/p>\n<p>En tout, cinq garages ont subi le m\u00eame sort au sein de l\u2019immeuble, dont les enregistrements de\u00a0vid\u00e9o-surveillance permettent de rep\u00e9rer un v\u00e9hicule suspect et son conducteur. D\u2019autres exploitations minutieuses des enqu\u00eateurs aboutissent\u00a0\u00e0 l\u2019identification de cet individu bien connu de la police pour des faits semblables. \u00c2g\u00e9 de 39 ans, il a d\u00e9j\u00e0 \u00e9t\u00e9 impliqu\u00e9 dans des cambriolages de boxes, entre autres. Il est sorti de prison le 1er\u00a0ao\u00fbt.<\/p>\n<p>Le suspect circule dans une voiture vol\u00e9e<\/p>\n<p>Les investigations se poursuivent, dirig\u00e9es par la brigade d\u2019atteinte aux biens, du service local de police judiciaire de Montpellier, en collaboration avec la brigade anticriminalit\u00e9 et le centre de supervision urbaine (qui centralise les images de vid\u00e9o-protection de la ville).\u00a0Elles r\u00e9v\u00e8lent que la voiture utilis\u00e9e par le suspect\u00a0a \u00e9t\u00e9 vol\u00e9e le 16\u00a0septembre \u00e0 Juvignac, au nord de Montpellier. Celle-ci va \u00eatre aper\u00e7ue \u00e0 plusieurs reprises lors de surveillances de terrain.<\/p>\n<p>Interpell\u00e9s \u00e0 Grabels<\/p>\n<p>Un deuxi\u00e8me individu, \u00e2g\u00e9 de 43 ans, lui aussi connu de la police et complice r\u00e9gulier du premier, est\u00a0\u00e0 son tour rep\u00e9r\u00e9.\u00a0Puis, le 14\u00a0octobre, lors d\u2019un nouveau cambriolage, le duo abandonne son v\u00e9hicule sur un parking, les pneus crev\u00e9s, et en vole un autre. Un dispositif de surveillance est mis en place aux abords d\u2019un appartement de Grabels, toujours au nord de Montpellier, o\u00f9 ils se trouveraient. Et le 15\u00a0octobre, les deux malfaiteurs pr\u00e9sum\u00e9s sont interpell\u00e9s et plac\u00e9s en garde \u00e0 vue.<\/p>\n<p>35 vols \u00e0 Montpellier et Juvignac<\/p>\n<p>On leur impute finalement 35 faits commis entre le 8\u00a0septembre et le 15\u00a0octobre, principalement \u00e0 Juvignac et Montpellier, selon un m\u00eame proc\u00e9d\u00e9\u00a0: des boxes de stationnement forc\u00e9s pour faire main basse sur tout ce qui peut avoir une valeur marchande\u00a0: mat\u00e9riel \u00e9lectrom\u00e9nager, bagages, v\u00e9los. Lors d\u2019un vol, ils s\u2019en prennent physiquement \u00e0 une personne pr\u00e9sente sur place, sans la blesser.<\/p>\n<p>Devant les policiers, les deux individus reconnaissent en partie les faits qui leur sont reproch\u00e9s. Ils ont \u00e9t\u00e9 d\u00e9f\u00e9r\u00e9s ce vendredi 17\u00a0octobre au parquet de Montpellier et seront jug\u00e9s prochainement.<\/p>\n","protected":false},"excerpt":{"rendered":"Les enqu\u00eateurs de la police nationale ont r\u00e9ussi \u00e0 identifier et interpeller cet homme et son complice. On&hellip;\n","protected":false},"author":2,"featured_media":471521,"comment_status":"","ping_status":"","sticky":false,"template":"","format":"standard","meta":{"footnotes":""},"categories":[9599],"tags":[1111,11,1777,674,1011,27,2208,12,2680,25],"class_list":{"0":"post-471520","1":"post","2":"type-post","3":"status-publish","4":"format-standard","5":"has-post-thumbnail","7":"category-montpellier","8":"tag-actu","9":"tag-actualites","10":"tag-eu","11":"tag-europe","12":"tag-fr","13":"tag-france","14":"tag-montpellier","15":"tag-news","16":"tag-occitanie","17":"tag-republique-francaise"},"share_on_mastodon":{"url":"https:\/\/pubeurope.com\/@fr\/115393049565180089","error":""},"_links":{"self":[{"href":"https:\/\/www.europesays.com\/fr\/wp-json\/wp\/v2\/posts\/471520","targetHints":{"allow":["GET"]}}],"collection":[{"href":"https:\/\/www.europesays.com\/fr\/wp-json\/wp\/v2\/posts"}],"about":[{"href":"https:\/\/www.europesays.com\/fr\/wp-json\/wp\/v2\/types\/post"}],"author":[{"embeddable":true,"href":"https:\/\/www.europesays.com\/fr\/wp-json\/wp\/v2\/users\/2"}],"replies":[{"embeddable":true,"href":"https:\/\/www.europesays.com\/fr\/wp-json\/wp\/v2\/comments?post=471520"}],"version-history":[{"count":0,"href":"https:\/\/www.europesays.com\/fr\/wp-json\/wp\/v2\/posts\/471520\/revisions"}],"wp:featuredmedia":[{"embeddable":true,"href":"https:\/\/www.europesays.com\/fr\/wp-json\/wp\/v2\/media\/471521"}],"wp:attachment":[{"href":"https:\/\/www.europesays.com\/fr\/wp-json\/wp\/v2\/media?parent=471520"}],"wp:term":[{"taxonomy":"category","embeddable":true,"href":"https:\/\/www.europesays.com\/fr\/wp-json\/wp\/v2\/categories?post=471520"},{"taxonomy":"post_tag","embeddable":true,"href":"https:\/\/www.europesays.com\/fr\/wp-json\/wp\/v2\/tags?post=471520"}],"curies":[{"name":"wp","href":"https:\/\/api.w.org\/{rel}","templated":true}]}}