{"id":471522,"date":"2025-10-18T03:30:32","date_gmt":"2025-10-18T03:30:32","guid":{"rendered":"https:\/\/www.europesays.com\/fr\/471522\/"},"modified":"2025-10-18T03:30:32","modified_gmt":"2025-10-18T03:30:32","slug":"lessentiel-de-la-10e-journee-federation-francaise-de-football-fff","status":"publish","type":"post","link":"https:\/\/www.europesays.com\/fr\/471522\/","title":{"rendered":"L&rsquo;essentiel de la 10e journ\u00e9e | F\u00e9d\u00e9ration Fran\u00e7aise de Football (FFF)"},"content":{"rendered":"<p>                                                              <img data-twic-src=\"https:\/\/www.europesays.com\/fr\/wp-content\/uploads\/2025\/10\/a1632464cadbb6991890f268106f1012.png\" data-credit=\"Sulyvan MANFROI \/ APL \/ FFF\" title=\"Sulyvan MANFROI \/ APL \/ FFF\" alt=\"Fahd El Khoumisti (Orl\u00e9ans) National\" class=\"block\"\/>                                        <\/p>\n<p style=\"font-weight: bold\">Le nul de Versailles \u00e0 Fleury, lors de la 10e journ\u00e9e du 17 octobre, a profit\u00e9 \u00e0 Rouen, leader victorieux, mais aussi \u00e0 Dijon et Orl\u00e9ans (photo), qui reviennent \u00e0 trois points. Bourg-en-Bresse s\u2019est impos\u00e9 \u00e0 Saint-Brieuc, d\u00e9sormais lanterne rouge.<\/p>\n<p class=\"light\">Le FC Rouen confirme sa domination sur le National, en reprenant trois points d\u2019avance sur Versailles gr\u00e2ce \u00e0 sa victoire sur Paris 13 Atletico (3-0). Derri\u00e8re les Versaillais, en \u00e9chec \u00e0 Fleury (0-0), Dijon vainqueur de QRM (4-1) et Orl\u00e9ans qui a domin\u00e9 Caen (2-1) reviennent \u00e0 trois longueurs. Sochaux a battu Aubagne Air-Bel (2-0) et Concarneau s\u2019est impos\u00e9 \u00e0 Valenciennes r\u00e9duit \u00e0 neuf (2-1). En bas de tableau, deux \u00e9quipes font une bonne op\u00e9ration : Le Puy, dominateur face \u00e0 Villefranche (3-0) et qui monte \u00e0 la 13e place, et Bourg-en-Bresse qui d\u00e9croche sa premi\u00e8re victoire contre un adversaire direct pour le maintien, Saint-Brieuc (2-1).\u00a0<\/p>\n<p>\u00a0LES CHIFFRES DE LA 10E JOURN\u00c9E\u00a0<\/p>\n<p><strong>22<\/strong><\/p>\n<p>Buts marqu\u00e9s en huit matches (moyenne 2,75)<\/p>\n<p><strong>7<\/strong><\/p>\n<p>Victoires, dont 2 \u00e0 l&rsquo;ext\u00e9rieur (Concarneau et Bourg-en-Bresse)<\/p>\n<p><strong>1<\/strong><\/p>\n<p>R\u00e9sultat nul (Versailles et Fleury)<\/p>\n<p><strong>17<\/strong><\/p>\n<p>Buts inscrits par le FC Rouen, meilleure attaque<\/p>\n<p><strong>5<\/strong><\/p>\n<p>But pris par Versailles, meilleure d\u00e9fense<\/p>\n<p>\u00a0LE MATCH DU JOUR\u00a0<br \/>US Orl\u00e9ans-SM Caen : 2-1<\/p>\n<p>Caen avait l\u2019occasion de passer devant Orl\u00e9ans en cas de victoire dans le Loiret, mais l\u2019arme fatale des Gu\u00eapes, Fahd El Khoumisti (notre photo de t\u00eate), est en forme et \u00e7a se voit : \u00e0 la demi-heure de jeu, alors que les Normands se faisaient mena\u00e7ants, une passe de Sanchez lui suffisait pour contr\u00f4ler du droit et frapper du gauche dans la lucarne oppos\u00e9e d\u2019Anthony Mandr\u00e9a. Orl\u00e9ans marquait sur sa premi\u00e8re frappe cadr\u00e9e. Et de six pour Fahd El Khoumisti ! Arthus Lallias, maladroit en premi\u00e8re p\u00e9riode, se rattrapait en marquant un but superbe \u00e0 la 70e d\u2019une vol\u00e9e sur corner \u00e0 treize m\u00e8tres. La r\u00e9duction du score \u00e0 cinq minutes de la fin par Armand Gnanduillet ne suffira pas \u00e0 Malherbe pour \u00e9viter une troisi\u00e8me d\u00e9faite, qui le place \u00e0 six points de Versailles.\u00a0<\/p>\n<blockquote class=\"twitter-tweet\">\n<p dir=\"ltr\" lang=\"fr\">La somptueuse vol\u00e9e d&rsquo;Arthur LALLIAS pour l&rsquo;<a href=\"https:\/\/twitter.com\/US_Orleans?ref_src=twsrc%5Etfw\" rel=\"nofollow noopener\" target=\"_blank\">@US_Orleans<\/a> !<br \/>2-0<\/p>\n<p>Suivez le match en direct sur notre cha\u00eene YouTube \u00ab\u00a0Championnat National Officiel\u00a0\u00bb !<a href=\"https:\/\/twitter.com\/hashtag\/NationalFFF?src=hash&amp;ref_src=twsrc%5Etfw\" rel=\"nofollow noopener\" target=\"_blank\">#NationalFFF<\/a> <a href=\"https:\/\/t.co\/Mu4mXCdH4W\" rel=\"nofollow\">pic.twitter.com\/Mu4mXCdH4W<\/a><\/p>\n<p>\u2014 Championnat National (@NationalFFF) <a href=\"https:\/\/twitter.com\/NationalFFF\/status\/1979261850375106888?ref_src=twsrc%5Etfw\" rel=\"nofollow noopener\" target=\"_blank\">October 17, 2025<\/a><\/p><\/blockquote>\n<p>\u00a0LE JOUEUR DU JOUR\u00a0<br \/>Jordan Tell (US Concarneau)<\/p>\n<p>Arriv\u00e9 cet \u00e9t\u00e9 du Stade Lavallois, Jordan Tell a ouvert son compteur, et plut\u00f4t deux fois qu\u2019une : il \u00e9galise pour Concarneau en milieu de premi\u00e8re mi-temps alors que Valenciennes venait d\u2019ouvrir le score par Ga\u00ebtan Courtet, et il claque une frappe du gauche dans la lucarne de Jean Louchet \u00e0 la 61e pour donner un avantage d\u00e9finitif aux Thoniers. Le but de trop pour des Valenciennois r\u00e9duits \u00e0 dix, puis \u00e0 neuf en cinq minutes avec les cartons rouges de Sambou Sissoko (65e) puis Ga\u00ebtan Courtet (70e). Concarneau est d\u00e9sormais sixi\u00e8me, \u00e0 trois points du podium !\u00a0<\/p>\n<blockquote class=\"twitter-tweet\">\n<p dir=\"ltr\" lang=\"fr\">La frappe en rupture de Jordan Tell !<br \/>2-1 pour <a href=\"https:\/\/twitter.com\/USConcarneau?ref_src=twsrc%5Etfw\" rel=\"nofollow noopener\" target=\"_blank\">@USConcarneau<\/a><\/p>\n<p>Suivez le match en direct sur notre cha\u00eene YouTube \u00ab\u00a0Championnat National Officiel\u00a0\u00bb !<a href=\"https:\/\/twitter.com\/hashtag\/NationalFFF?src=hash&amp;ref_src=twsrc%5Etfw\" rel=\"nofollow noopener\" target=\"_blank\">#NationalFFF<\/a> <a href=\"https:\/\/t.co\/nfWjbZ79AZ\" rel=\"nofollow\">pic.twitter.com\/nfWjbZ79AZ<\/a><\/p>\n<p>\u2014 Championnat National (@NationalFFF) <a href=\"https:\/\/twitter.com\/NationalFFF\/status\/1979260076687867991?ref_src=twsrc%5Etfw\" rel=\"nofollow noopener\" target=\"_blank\">October 17, 2025<\/a><\/p><\/blockquote>\n<p>\u00a0LE FAIT DU JOUR\u00a0<br \/>Bourg-P\u00e9ronnas enfin vainqueur<\/p>\n<p>C\u2019est peu dire qu\u2019ils attendaient cette premi\u00e8re victoire de la saison, les Bressans. Ils ont fini par la d\u00e9crocher en Bretagne, chez le promu Saint-Brieuc qui les pr\u00e9c\u00e9dait au classement, en ayant ma\u00eetris\u00e9 la premi\u00e8re heure de jeu avec deux buts sign\u00e9s Benjamin Besic (25e) d\u2019une frappe en pleine lucarne \u00e0 vingt m\u00e8tres (25e), alors que celle de Rayan Slimani, rasante du gauche (59e), laissait Franck L\u2019Hostis spectateur sur sa ligne. Les Bretons avaient le m\u00e9rite de r\u00e9agir tout de suite, par un but de Micha\u00ebl Faty qui venait d\u2019entrer (65e, 1-2), mais insuffisant pour \u00e9galiser. Et voil\u00e0 le Stade Briochin dernier, \u00e0 trois points du premier non-rel\u00e9gable, QRM.\u00a0<\/p>\n<blockquote class=\"twitter-tweet\">\n<p dir=\"ltr\" lang=\"fr\">La frappe parfaite de Guillaume Besic !<br \/>1-0 pour le <a href=\"https:\/\/twitter.com\/FBBP01?ref_src=twsrc%5Etfw\" rel=\"nofollow noopener\" target=\"_blank\">@FBBP01<\/a><\/p>\n<p>Suivez le match en direct sur notre cha\u00eene YouTube \u00ab\u00a0Championnat National Officiel\u00a0\u00bb !<a href=\"https:\/\/twitter.com\/hashtag\/NationalFFF?src=hash&amp;ref_src=twsrc%5Etfw\" rel=\"nofollow noopener\" target=\"_blank\">#NationalFFF<\/a> <a href=\"https:\/\/t.co\/GY0TULdHwj\" rel=\"nofollow\">pic.twitter.com\/GY0TULdHwj<\/a><\/p>\n<p>\u2014 Championnat National (@NationalFFF) <a href=\"https:\/\/twitter.com\/NationalFFF\/status\/1979247716350689690?ref_src=twsrc%5Etfw\" rel=\"nofollow noopener\" target=\"_blank\">October 17, 2025<\/a><\/p><\/blockquote>\n<p>\u00a0<\/p>\n<p>\u00a0LES STATISTIQUES APR\u00c8S DIX JOURN\u00c9ES\u00a0<\/p>\n<p>22<\/p>\n<p>Victoires en d\u00e9placement<\/p>\n<p>109<\/p>\n<p>Buts marqu\u00e9s \u00e0 domicile<\/p>\n<p>80<\/p>\n<p>Buts inscrits \u00e0 l&rsquo;ext\u00e9rieur<\/p>\n<p>\u00a0<\/p>\n<p><img decoding=\"async\" title=\"Philippe LE BRECH APL \/ FFF\" src=\"https:\/\/www.europesays.com\/fr\/wp-content\/uploads\/2025\/10\/d4384ef0d5069b2101d02dd7aa337228.jpg\" alt=\"\"\/><br \/>Math\u00e9o Bodmer (en rouge) et Bourg-en-Bresse se sont impos\u00e9s sur la pelouse de Saint-Brieuc pour la premi\u00e8re fois de la saison (photo Philippe LE BRECH \/ APL \/ FFF).<\/p>\n<p>La prochaine journ\u00e9e (J11)<\/p>\n<p class=\"light\">&#8211; Mardi 21 octobre 2025 (19h30, en direct sur YouTube National) :<\/p>\n<ul>\n<li class=\"light\">Paris 13 Atl\u00e9tico &#8211; Stade Briochin<\/li>\n<li class=\"light\">FC Villefranche Beaujolais &#8211; US Orl\u00e9ans LF<\/li>\n<li class=\"light\">US Concarneau &#8211; Berrichonne Ch\u00e2teauroux<\/li>\n<li class=\"light\">SC Aubagne Air Bel &#8211; Valenciennes FC<\/li>\n<li class=\"light\">Quevilly Rouen M\u00e9tropole &#8211; FC Sochaux-Montb\u00e9liard<\/li>\n<li class=\"light\">Versailles 78 FC &#8211; Dijon FCO<\/li>\n<li class=\"light\">Bourg-en-Bresse P\u00e9ronnas &#8211; Fleury 91 FC<\/li>\n<li class=\"light\">(\u00e0 20h) SM Caen &#8211; FC Rouen\u00a0<\/li>\n<\/ul>\n<p class=\"light\">Exempt : Le Puy F43A<\/p>\n<p class=\"light\">\u00a0<\/p>\n<p>    <script async src=\"https:\/\/platform.twitter.com\/widgets.js\" charset=\"utf-8\"><\/script><\/p>\n","protected":false},"excerpt":{"rendered":"Le nul de Versailles \u00e0 Fleury, lors de la 10e journ\u00e9e du 17 octobre, a profit\u00e9 \u00e0 Rouen,&hellip;\n","protected":false},"author":2,"featured_media":471523,"comment_status":"","ping_status":"","sticky":false,"template":"","format":"standard","meta":{"footnotes":""},"categories":[9587],"tags":[1111,11,1777,674,85,1011,27,12,5161,25,9590],"class_list":{"0":"post-471522","1":"post","2":"type-post","3":"status-publish","4":"format-standard","5":"has-post-thumbnail","7":"category-rouen","8":"tag-actu","9":"tag-actualites","10":"tag-eu","11":"tag-europe","12":"tag-fff","13":"tag-fr","14":"tag-france","15":"tag-news","16":"tag-normandie","17":"tag-republique-francaise","18":"tag-rouen"},"share_on_mastodon":{"url":"https:\/\/pubeurope.com\/@fr\/115393058077686567","error":""},"_links":{"self":[{"href":"https:\/\/www.europesays.com\/fr\/wp-json\/wp\/v2\/posts\/471522","targetHints":{"allow":["GET"]}}],"collection":[{"href":"https:\/\/www.europesays.com\/fr\/wp-json\/wp\/v2\/posts"}],"about":[{"href":"https:\/\/www.europesays.com\/fr\/wp-json\/wp\/v2\/types\/post"}],"author":[{"embeddable":true,"href":"https:\/\/www.europesays.com\/fr\/wp-json\/wp\/v2\/users\/2"}],"replies":[{"embeddable":true,"href":"https:\/\/www.europesays.com\/fr\/wp-json\/wp\/v2\/comments?post=471522"}],"version-history":[{"count":0,"href":"https:\/\/www.europesays.com\/fr\/wp-json\/wp\/v2\/posts\/471522\/revisions"}],"wp:featuredmedia":[{"embeddable":true,"href":"https:\/\/www.europesays.com\/fr\/wp-json\/wp\/v2\/media\/471523"}],"wp:attachment":[{"href":"https:\/\/www.europesays.com\/fr\/wp-json\/wp\/v2\/media?parent=471522"}],"wp:term":[{"taxonomy":"category","embeddable":true,"href":"https:\/\/www.europesays.com\/fr\/wp-json\/wp\/v2\/categories?post=471522"},{"taxonomy":"post_tag","embeddable":true,"href":"https:\/\/www.europesays.com\/fr\/wp-json\/wp\/v2\/tags?post=471522"}],"curies":[{"name":"wp","href":"https:\/\/api.w.org\/{rel}","templated":true}]}}