{"id":471526,"date":"2025-10-18T03:32:19","date_gmt":"2025-10-18T03:32:19","guid":{"rendered":"https:\/\/www.europesays.com\/fr\/471526\/"},"modified":"2025-10-18T03:32:19","modified_gmt":"2025-10-18T03:32:19","slug":"colomiers-reprend-la-tete-biarritz-respire-grenoble-et-dax-senfoncent","status":"publish","type":"post","link":"https:\/\/www.europesays.com\/fr\/471526\/","title":{"rendered":"Colomiers reprend la t\u00eate, Biarritz respire, Grenoble et Dax s\u2019enfoncent"},"content":{"rendered":"<p>\n    Vainqueur \u00e0 Carcassonne (13-15) ce vendredi pour le compte de la 7e journ\u00e9e, Colomiers retrouve les commandes de la Pro D2. Loin devant Grenoble, B\u00e9ziers, Biarritz et Dax, tous battus.<\/p>\n<p class=\"fig-paragraph\">Gr\u00e2ce \u00e0 son troisi\u00e8me succ\u00e8s \u00e0 l&rsquo;ext\u00e9rieur de la saison, Colomiers a repris la t\u00eate de\u00a0<a href=\"https:\/\/www.lefigaro.fr\/sports\/rugby\/pro-d2\/classement\" target=\"_blank\" rel=\"sponsored noopener\" data-gtm-custom-categorie=\"navigation\" data-gtm-custom-action=\"crossclick\" data-gtm-custom-label=\"Contextuel\" data-gtm-event=\"customEventSPE\">la Pro D2<\/a>\u00a0lors de la 7e journ\u00e9e, tandis que Biarritz s&rsquo;est offert un peu d&rsquo;air aux d\u00e9pens de Soyaux-Angoul\u00eame, et que Grenoble s&rsquo;enfonce avec un troisi\u00e8me revers d&rsquo;affil\u00e9e.<\/p>\n<p class=\"fig-paragraph\">Vainqueurs \u00e0 l\u2019arrach\u00e9 \u00e0 Carcassonne (15-13), les Colum\u00e9rins reprennent les r\u00eanes du championnat, \u00e0 \u00e9galit\u00e9 de points avec Vannes,\u00a0<a href=\"http:\/\/www.lefigaro.fr\/sports\/rugby\/pro-d2-vannes-etrille-oyonnax-et-prend-la-tete-20251016\" data-fig-type=\"NewsFlash\" data-gtm-custom-categorie=\"navigation\" data-gtm-custom-action=\"crossclick\" data-gtm-custom-label=\"Contextuel\" data-gtm-event=\"customEventSPE\" data-fig-domain=\"LEFIGARO\" target=\"_blank\" rel=\"noopener\">un temps leader apr\u00e8s avoir surclass\u00e9 Oyonnax jeudi soir (36-17).<\/a>\u00a0Agen, qui a domin\u00e9 de la t\u00eate et des \u00e9paules Brive au stade Armandie (41-10), prend place sur le podium, \u00e0 trois points du duo de t\u00eate, et deux longueurs devant Valence-Romans, qui s\u2019est impos\u00e9 \u00e0 B\u00e9ziers (37-29).<\/p>\n<p>                                    <a class=\"fig-a11y-skip a11y-hidden\" href=\"#fig-a11y-skip-main-inarticle\"><br \/>\n        Passer la publicit\u00e9<br \/>\n    <\/a><\/p>\n<p>Grenoblois et Dacquois au plus mal<\/p>\n<p class=\"fig-paragraph\">Les Grenoblois, sous tension apr\u00e8s le licenciement de leur entra\u00eeneur des lignes arri\u00e8res Nicolas Nadau et une menace de gr\u00e8ve des joueurs lors de la pr\u00e9c\u00e9dente journ\u00e9e, ont eux encha\u00een\u00e9 un troisi\u00e8me revers, d\u00e9pass\u00e9s \u00e0 Mont-de-Marsan (32-18), et pointent \u00e0 une piteuse 10e place.<\/p>\n<p class=\"fig-paragraph\">En bas de tableau, les Biarrots remontent \u00e0 la 12e place gr\u00e2ce \u00e0 une p\u00e9nalit\u00e9 d&rsquo;Enzo Elponi dans le temps additionnel, synonyme de victoire contre Soyaux-Angoul\u00eame (21-20). Apr\u00e8s avoir men\u00e9 27 \u00e0 13 chez des Aurillacois r\u00e9duits \u00e0 14, les Dacquois se sont eux effondr\u00e9s, finalement battus 36 \u00e0 33, et restent lanternes rouges, \u00e0 sept longueurs des Montois.<\/p>\n<p class=\"fig-paragraph\">Le classement de la Pro D2\u00a0<a href=\"https:\/\/www.lefigaro.fr\/sports\/rugby\/pro-d2\/classement\" target=\"_blank\" rel=\"sponsored noopener\" data-gtm-custom-categorie=\"navigation\" data-gtm-custom-action=\"crossclick\" data-gtm-custom-label=\"Contextuel\" data-gtm-event=\"customEventSPE\">est \u00e0 retrouver ici.<\/a><\/p>\n<p class=\"fig-paragraph\"><strong>R\u00e9sultats des matches de la 7e journ\u00e9e de Pro D2 de rugby\u00a0:<\/strong><\/p>\n<p class=\"fig-paragraph\"><strong>Jeudi:<\/strong><\/p>\n<p>                                    <a class=\"fig-a11y-skip a11y-hidden\" href=\"#fig-a11y-skip-main-inarticle_mtf\"><br \/>\n        Passer la publicit\u00e9<br \/>\n    <\/a><\/p>\n<p class=\"fig-paragraph\">Vannes (bo) &#8211; Oyonnax 36 &#8211; 17<\/p>\n<p class=\"fig-paragraph\"><strong>Vendredi:<\/strong><\/p>\n<p class=\"fig-paragraph\">B\u00e9ziers &#8211; Valence-Romans 29 &#8211; 37<\/p>\n<p class=\"fig-paragraph\">Provence Rugby &#8211; Nevers 39 &#8211; 33<\/p>\n<p class=\"fig-paragraph\">Aurillac &#8211; Dax (bd) 36 &#8211; 33<\/p>\n<p>                                    <a class=\"fig-a11y-skip a11y-hidden\" href=\"#fig-a11y-skip-main-inarticle_btf\"><br \/>\n        Passer la publicit\u00e9<br \/>\n    <\/a><\/p>\n<p class=\"fig-paragraph\">Mont-de-Marsan &#8211; Grenoble 32 &#8211; 18<\/p>\n<p class=\"fig-paragraph\">Carcassonne (bd) &#8211; Colomiers 13 &#8211; 15<\/p>\n<p class=\"fig-paragraph\">Soyaux-Angoul\u00eame (bd) &#8211; Biarritz 20 &#8211; 21<\/p>\n<p class=\"fig-paragraph\">Agen (bo) &#8211; Brive 41 &#8211; 10<\/p>\n","protected":false},"excerpt":{"rendered":"Vainqueur \u00e0 Carcassonne (13-15) ce vendredi pour le compte de la 7e journ\u00e9e, Colomiers retrouve les commandes de&hellip;\n","protected":false},"author":2,"featured_media":471527,"comment_status":"","ping_status":"","sticky":false,"template":"","format":"standard","meta":{"footnotes":""},"categories":[9566],"tags":[1111,11,2430,1777,674,1011,27,2731,12,2308,25],"class_list":{"0":"post-471526","1":"post","2":"type-post","3":"status-publish","4":"format-standard","5":"has-post-thumbnail","7":"category-grenoble","8":"tag-actu","9":"tag-actualites","10":"tag-auvergne-rhone-alpes","11":"tag-eu","12":"tag-europe","13":"tag-fr","14":"tag-france","15":"tag-grenoble","16":"tag-news","17":"tag-pro-d2","18":"tag-republique-francaise"},"share_on_mastodon":{"url":"https:\/\/pubeurope.com\/@fr\/115393065693219817","error":""},"_links":{"self":[{"href":"https:\/\/www.europesays.com\/fr\/wp-json\/wp\/v2\/posts\/471526","targetHints":{"allow":["GET"]}}],"collection":[{"href":"https:\/\/www.europesays.com\/fr\/wp-json\/wp\/v2\/posts"}],"about":[{"href":"https:\/\/www.europesays.com\/fr\/wp-json\/wp\/v2\/types\/post"}],"author":[{"embeddable":true,"href":"https:\/\/www.europesays.com\/fr\/wp-json\/wp\/v2\/users\/2"}],"replies":[{"embeddable":true,"href":"https:\/\/www.europesays.com\/fr\/wp-json\/wp\/v2\/comments?post=471526"}],"version-history":[{"count":0,"href":"https:\/\/www.europesays.com\/fr\/wp-json\/wp\/v2\/posts\/471526\/revisions"}],"wp:featuredmedia":[{"embeddable":true,"href":"https:\/\/www.europesays.com\/fr\/wp-json\/wp\/v2\/media\/471527"}],"wp:attachment":[{"href":"https:\/\/www.europesays.com\/fr\/wp-json\/wp\/v2\/media?parent=471526"}],"wp:term":[{"taxonomy":"category","embeddable":true,"href":"https:\/\/www.europesays.com\/fr\/wp-json\/wp\/v2\/categories?post=471526"},{"taxonomy":"post_tag","embeddable":true,"href":"https:\/\/www.europesays.com\/fr\/wp-json\/wp\/v2\/tags?post=471526"}],"curies":[{"name":"wp","href":"https:\/\/api.w.org\/{rel}","templated":true}]}}