{"id":471528,"date":"2025-10-18T03:33:32","date_gmt":"2025-10-18T03:33:32","guid":{"rendered":"https:\/\/www.europesays.com\/fr\/471528\/"},"modified":"2025-10-18T03:33:32","modified_gmt":"2025-10-18T03:33:32","slug":"une-notification-dalerte-sur-votre-telephone-un-exercice-organise-en-ille-et-vilaine-samedi","status":"publish","type":"post","link":"https:\/\/www.europesays.com\/fr\/471528\/","title":{"rendered":"Une notification d\u2019alerte sur votre t\u00e9l\u00e9phone\u00a0? Un exercice organis\u00e9 en Ille-et-Vilaine samedi"},"content":{"rendered":"<p>Toutes les personnes se trouvant en Ille-et-Vilaine, samedi 18\u00a0octobre 2025, pourront recevoir une notification d\u2019alerte sur leur t\u00e9l\u00e9phone. La pr\u00e9fecture indique qu\u2019il s\u2019agit d\u2019un exercice.<\/p>\n<p>Pas de panique si vous recevez un message d\u2019alerte sur votre t\u00e9l\u00e9phone, ce samedi 18\u00a0octobre 2025. La pr\u00e9fecture indique qu\u2019un exercice sera organis\u00e9 en Ille-et-Vilaine. Toutes les personnes pr\u00e9sentes dans le d\u00e9partement pourraient recevoir une notification.<strong> \u00ab\u00a0Aucune action particuli\u00e8re n\u2019est attendue. Le message envoy\u00e9 le pr\u00e9cisera clairement\u00a0\u00bb<\/strong>, pr\u00e9cise la pr\u00e9fecture dans un post sur les r\u00e9seaux sociaux.<\/p>\n<\/p>\n<p>Avertir la population en cas d\u2019urgence<\/p>\n<p>Il s\u2019agit en fait d\u2019un exercice du dispositif FR-Alert qui permet d\u2019avertir la population en cas de situation d\u2019urgence directement sur les t\u00e9l\u00e9phones portables. Cela peut concerner des \u00e9v\u00e9nements naturels comme des inondations ou des incendies mais aussi des risques biologiques, chimiques, sanitaires, industriels ou encore de s\u00e9curit\u00e9 publique, par exemple un acte \u00e0 caract\u00e8re terroriste.<\/p>\n<p><strong>Lire aussi\u00a0:<\/strong> <a target=\"_self\" href=\"https:\/\/rennes.maville.com\/actu\/actudet_-journees-face-aux-risques-agissons-la-ville-de-rennes-mobilisee-_52674-7023597_actu.Htm\" rel=\"noopener\">Journ\u00e9es Face aux risques, agissons\u00a0: la Ville de Rennes mobilis\u00e9e<\/a><\/p>\n<p>L\u2019objectif de l\u2019exercice de ce samedi est donc de tester le fonctionnement du dispositif mais aussi de le faire conna\u00eetre au plus grand nombre.<\/p>\n<p>\u00a0<\/p>\n","protected":false},"excerpt":{"rendered":"Toutes les personnes se trouvant en Ille-et-Vilaine, samedi 18\u00a0octobre 2025, pourront recevoir une notification d\u2019alerte sur leur t\u00e9l\u00e9phone.&hellip;\n","protected":false},"author":2,"featured_media":471529,"comment_status":"","ping_status":"","sticky":false,"template":"","format":"standard","meta":{"footnotes":""},"categories":[2821],"tags":[1111,11,829,1777,674,26340,1011,27,848,12,59515,9271,584,25,3728,3982,319],"class_list":{"0":"post-471528","1":"post","2":"type-post","3":"status-publish","4":"format-standard","5":"has-post-thumbnail","7":"category-rennes","8":"tag-actu","9":"tag-actualites","10":"tag-bretagne","11":"tag-eu","12":"tag-europe","13":"tag-exercice","14":"tag-fr","15":"tag-france","16":"tag-ille-et-vilaine","17":"tag-news","18":"tag-notification","19":"tag-organise","20":"tag-rennes","21":"tag-republique-francaise","22":"tag-saint-malo","23":"tag-samedi","24":"tag-telephone"},"share_on_mastodon":{"url":"https:\/\/pubeurope.com\/@fr\/115393069265724908","error":""},"_links":{"self":[{"href":"https:\/\/www.europesays.com\/fr\/wp-json\/wp\/v2\/posts\/471528","targetHints":{"allow":["GET"]}}],"collection":[{"href":"https:\/\/www.europesays.com\/fr\/wp-json\/wp\/v2\/posts"}],"about":[{"href":"https:\/\/www.europesays.com\/fr\/wp-json\/wp\/v2\/types\/post"}],"author":[{"embeddable":true,"href":"https:\/\/www.europesays.com\/fr\/wp-json\/wp\/v2\/users\/2"}],"replies":[{"embeddable":true,"href":"https:\/\/www.europesays.com\/fr\/wp-json\/wp\/v2\/comments?post=471528"}],"version-history":[{"count":0,"href":"https:\/\/www.europesays.com\/fr\/wp-json\/wp\/v2\/posts\/471528\/revisions"}],"wp:featuredmedia":[{"embeddable":true,"href":"https:\/\/www.europesays.com\/fr\/wp-json\/wp\/v2\/media\/471529"}],"wp:attachment":[{"href":"https:\/\/www.europesays.com\/fr\/wp-json\/wp\/v2\/media?parent=471528"}],"wp:term":[{"taxonomy":"category","embeddable":true,"href":"https:\/\/www.europesays.com\/fr\/wp-json\/wp\/v2\/categories?post=471528"},{"taxonomy":"post_tag","embeddable":true,"href":"https:\/\/www.europesays.com\/fr\/wp-json\/wp\/v2\/tags?post=471528"}],"curies":[{"name":"wp","href":"https:\/\/api.w.org\/{rel}","templated":true}]}}