{"id":471532,"date":"2025-10-18T03:35:27","date_gmt":"2025-10-18T03:35:27","guid":{"rendered":"https:\/\/www.europesays.com\/fr\/471532\/"},"modified":"2025-10-18T03:35:27","modified_gmt":"2025-10-18T03:35:27","slug":"strasbourg-deux-parpaings-chutent-aux-urgences-pediatriques-de-lhopital-de-hautepierre","status":"publish","type":"post","link":"https:\/\/www.europesays.com\/fr\/471532\/","title":{"rendered":"Strasbourg. Deux parpaings chutent aux urgences p\u00e9diatriques de l&rsquo;h\u00f4pital de Hautepierre"},"content":{"rendered":"<p>Jeudi 16 octobre, vers midi deux parpaings se sont d\u00e9tach\u00e9s d\u2019une gaine et ont travers\u00e9 le faux plafond de l\u2019une des salles d\u2019attente du service des urgences p\u00e9diatriques de <a href=\"https:\/\/www.dna.fr\/sante\/2018\/11\/17\/le-chu-de-hautepierre-s-agrandit\" target=\"_blank\" rel=\"nofollow noopener\">l\u2019h\u00f4pital de Hautepierre<\/a>. Aucun bless\u00e9 n\u2019est \u00e0 d\u00e9plorer. La continuit\u00e9 de l\u2019accueil du public et des soins n\u2019a pas \u00e9t\u00e9 entrav\u00e9e, la pi\u00e8ce ayant \u00e9t\u00e9 rapidement s\u00e9curis\u00e9e (pose d\u2019une b\u00e2che) et ferm\u00e9e au public apr\u00e8s v\u00e9rification concernant l\u2019absence d\u2019amiante.<\/p>\n<p>Un chantier \u00e0 l\u2019\u00e9tage sup\u00e9rieur serait \u00e0 l\u2019origine de l\u2019incident. Une enqu\u00eate interne a \u00e9t\u00e9 ordonn\u00e9e par la direction des H\u00f4pitaux universitaires de Strasbourg qui pr\u00e9cise avoir programm\u00e9 des travaux dans ce service. \u00ab\u00a0Ce genre d\u2019incident est heureusement fort rare. Par chance la pi\u00e8ce \u00e9tait vide au moment de la chute. L\u2019h\u00f4pital est v\u00e9tuste et bourr\u00e9 d\u2019amiante mais il est plut\u00f4t costaud\u00a0\u00bb, souligne un d\u00e9l\u00e9gu\u00e9 syndical des HUS qui esp\u00e8re que le projet de reconstruction de l\u2019\u00e9tablissement engag\u00e9 par la direction puisse aboutir selon le calendrier pr\u00e9vu.<\/p>\n","protected":false},"excerpt":{"rendered":"Jeudi 16 octobre, vers midi deux parpaings se sont d\u00e9tach\u00e9s d\u2019une gaine et ont travers\u00e9 le faux plafond&hellip;\n","protected":false},"author":2,"featured_media":471533,"comment_status":"","ping_status":"","sticky":false,"template":"","format":"standard","meta":{"footnotes":""},"categories":[2820],"tags":[1111,11,2389,2649,2880,1777,674,274,107,1011,27,775,12,25,640,2879],"class_list":{"0":"post-471532","1":"post","2":"type-post","3":"status-publish","4":"format-standard","5":"has-post-thumbnail","7":"category-strasbourg","8":"tag-actu","9":"tag-actualites","10":"tag-alsace","11":"tag-bas-rhin","12":"tag-edition-strasbourg","13":"tag-eu","14":"tag-europe","15":"tag-faits-divers-justice","16":"tag-fil-info","17":"tag-fr","18":"tag-france","19":"tag-grand-est","20":"tag-news","21":"tag-republique-francaise","22":"tag-strasbourg","23":"tag-strasbourg-ville"},"share_on_mastodon":{"url":"https:\/\/pubeurope.com\/@fr\/115393077212412720","error":""},"_links":{"self":[{"href":"https:\/\/www.europesays.com\/fr\/wp-json\/wp\/v2\/posts\/471532","targetHints":{"allow":["GET"]}}],"collection":[{"href":"https:\/\/www.europesays.com\/fr\/wp-json\/wp\/v2\/posts"}],"about":[{"href":"https:\/\/www.europesays.com\/fr\/wp-json\/wp\/v2\/types\/post"}],"author":[{"embeddable":true,"href":"https:\/\/www.europesays.com\/fr\/wp-json\/wp\/v2\/users\/2"}],"replies":[{"embeddable":true,"href":"https:\/\/www.europesays.com\/fr\/wp-json\/wp\/v2\/comments?post=471532"}],"version-history":[{"count":0,"href":"https:\/\/www.europesays.com\/fr\/wp-json\/wp\/v2\/posts\/471532\/revisions"}],"wp:featuredmedia":[{"embeddable":true,"href":"https:\/\/www.europesays.com\/fr\/wp-json\/wp\/v2\/media\/471533"}],"wp:attachment":[{"href":"https:\/\/www.europesays.com\/fr\/wp-json\/wp\/v2\/media?parent=471532"}],"wp:term":[{"taxonomy":"category","embeddable":true,"href":"https:\/\/www.europesays.com\/fr\/wp-json\/wp\/v2\/categories?post=471532"},{"taxonomy":"post_tag","embeddable":true,"href":"https:\/\/www.europesays.com\/fr\/wp-json\/wp\/v2\/tags?post=471532"}],"curies":[{"name":"wp","href":"https:\/\/api.w.org\/{rel}","templated":true}]}}