{"id":471534,"date":"2025-10-18T03:36:23","date_gmt":"2025-10-18T03:36:23","guid":{"rendered":"https:\/\/www.europesays.com\/fr\/471534\/"},"modified":"2025-10-18T03:36:23","modified_gmt":"2025-10-18T03:36:23","slug":"psg-strasbourg-les-notes-des-joueurs-parisiens","status":"publish","type":"post","link":"https:\/\/www.europesays.com\/fr\/471534\/","title":{"rendered":"PSG \/ Strasbourg \u2013 Les notes des joueurs parisiens &#8211;"},"content":{"rendered":"<p><img width=\"700\" height=\"350\" src=\"https:\/\/www.europesays.com\/fr\/wp-content\/uploads\/2025\/10\/PSG-Joie-3.jpg\" class=\"attachment-jannah-image-post size-jannah-image-post wp-post-image\" alt=\"Psg joie\" is_main_img=\"1\" decoding=\"async\" fetchpriority=\"high\"  \/><br \/>\n Image :<br \/>\nPSG.fr<\/p>\n<p>Pour son retour sur les terrains, le PSG a offert un beau<br \/>\nspectacle \u00e0 ses supporters avec ce nul prolifique (3-3). Warren<br \/>\nZa\u00efre-Emery a brill\u00e9 alors que la d\u00e9fense centrale a \u00e9t\u00e9 en<br \/>\ndifficult\u00e9.<\/p>\n<p>Le <strong>PSG<\/strong> a jou\u00e9 le premier de ses sept matches<br \/>\navant la nouvelle tr\u00eave internationale ce vendredi soir avec la<br \/>\nr\u00e9ception \u2013 au <strong>Parc des Princes<\/strong> \u2013 contre<br \/>\n<strong>Strasbourg<\/strong> en ouverture de la huiti\u00e8me journ\u00e9e de<br \/>\n<strong>Ligue 1<\/strong>. Pour ce choc entre le leader et le<br \/>\ntroisi\u00e8me du championnat, <strong><a href=\"https:\/\/canal-supporters.com\/enrique-toujours-difficile-de-preparer-ce-type-de-match\/\" title=\"\" target=\"_blank\" rel=\"noopener\">Luis Enrique<\/a><\/strong> avait d\u00e9cid\u00e9 de faire un<br \/>\nturnover. <strong><a href=\"https:\/\/canal-supporters.com\/zaire-emery-on-a-su-remonter-cela-montre-le-caractere-de-cette-equipe\/\" title=\"\" target=\"_blank\" rel=\"noopener\">Warren Za\u00efre-Emery<\/a><\/strong> \u00e9tait titulaire et<br \/>\ncapitaine dans un r\u00f4le hybride attribu\u00e9 habituellement \u00e0<br \/>\n<strong>Achraf Hakimi<\/strong>. Et le titi parisien a \u00e9t\u00e9 le<br \/>\nmeilleur joueur du <strong>PSG<\/strong> dans ce match. Pr\u00e9sent<br \/>\nd\u00e9fensivement, il n\u2019a pas h\u00e9sit\u00e9 \u00e0 se projeter et \u00e0 apporter le<br \/>\nsurnombre pour tenter de d\u00e9stabiliser la d\u00e9fense strasbourgeoise.<br \/>\nIl a r\u00e9alis\u00e9 son meilleur match de la saison et de ces derniers<br \/>\nmois. Plac\u00e9 dans le couloir droit de la d\u00e9fense, <strong>Senny<br \/>\nMayulu<\/strong> a \u00e9t\u00e9 dans la lign\u00e9 de ces derni\u00e8res sorties. Le<br \/>\nnum\u00e9ro 24 du <strong>PSG<\/strong> a ponctu\u00e9 sa bonne performance<br \/>\navec le but \u00e9galisateur, lui qui a repris de la t\u00eate une de ses<br \/>\ntentatives repouss\u00e9e par le gardien alsacien.<\/p>\n<p>A voir aussi : <a href=\"https:\/\/canal-supporters.com\/dans-un-match-spectaculaire-le-psg-et-strasbourg-se-quittent-sur-un-nul-3-3\/\" title=\"\" target=\"_blank\" rel=\"noopener\">Dans un match spectaculaire, le PSG et Strasbourg se<br \/>\nquittent sur un nul (3-3)<\/a><\/p>\n<p><a href=\"https:\/\/x.com\/CanalSupporters\" target=\"_blank\" rel=\"noopener\" title=\"\">canalsupporters.com<\/a><\/p>\n<p>Une charni\u00e8re<br \/>\ncentrale en grande difficult\u00e9<\/p>\n<p>Align\u00e9s en d\u00e9fense centrale, <strong>Illia Zabarnyi<\/strong> et<br \/>\n<strong>Lucas Beraldo<\/strong> ont beaucoup souffert contre<br \/>\n<strong>Joaquin Panichelli<\/strong>, qui a pris le dessus sur les<br \/>\ndeux d\u00e9fenseurs du <strong>PSG<\/strong> sur ses deux buts du soir.<br \/>\nDans les duels, au sol comme a\u00e9riens, ils ont souvent \u00e9t\u00e9 devanc\u00e9s<br \/>\npar l\u2019attaquant argentin. Malgr\u00e9 son but sur penalty,<br \/>\n<strong>Gon\u00e7alo Ramos<\/strong> a encore de grandes difficult\u00e9s \u00e0<br \/>\nexister lors de cette rencontre. L\u2019international portugais a tr\u00e8s<br \/>\npeu \u00e9t\u00e9 trouv\u00e9. Il s\u2019est \u00e9galement procur\u00e9 peu d\u2019occasions, avec<br \/>\nnotamment une frappe trop molle facilement capt\u00e9e par le gardien<br \/>\nalsacien. Dans les buts, malgr\u00e9 un magnifique double arr\u00eat quelques<br \/>\nminutes apr\u00e8s l\u2019ouverture du score de <strong>Bradley<br \/>\nBarcola<\/strong>, <strong>Lucas Chevalier<\/strong> n\u2019a pas \u00e9t\u00e9<br \/>\nirr\u00e9prochable sur le but de <strong>Diego Moreira<\/strong>, qui a<br \/>\npratiquement rat\u00e9 sa frappe. L\u2019ancien Lillois est un peu en<br \/>\ndifficult\u00e9 ces derni\u00e8res semaines et doit encore se faire \u00e0 l\u2019id\u00e9e<br \/>\nqu\u2019il est le gardien du <strong><a href=\"https:\/\/www.psg.fr\" target=\"_blank\" rel=\"noopener\" title=\"\">PSG<\/a><\/strong>, un m\u00e9tier<br \/>\ntotalement diff\u00e9rent de ce qu\u2019il a connu \u00e0<br \/>\n<strong>Lille<\/strong>.\u00a0<\/p>\n<ul class=\"wp-block-list\">\n<li>Les notes des joueurs du <strong>PSG<\/strong> : Chevalier (4,5) \u2013 Mayulu (6), Zabarnyi (4), Beraldo (4), Hernandez (4,5) \u2013 Za\u00efre-Emery (7), Lee (6), Dou\u00e9 (5) \u2013 Barcola (5,5), Ramos (4,5), Mbaye (5)<\/li>\n<\/ul>\n","protected":false},"excerpt":{"rendered":"Image : PSG.fr Pour son retour sur les terrains, le PSG a offert un beau spectacle \u00e0 ses&hellip;\n","protected":false},"author":2,"featured_media":471535,"comment_status":"","ping_status":"","sticky":false,"template":"","format":"standard","meta":{"footnotes":""},"categories":[2820],"tags":[57392,1111,11,785,81,38756,787,1777,674,1011,27,86,775,57393,39683,66,1611,790,4668,1612,12,28862,45629,45630,626,91,92,93,57394,57395,20338,25,1615,640,96,1620,29675,1621],"class_list":{"0":"post-471534","1":"post","2":"type-post","3":"status-publish","4":"format-standard","5":"has-post-thumbnail","7":"category-strasbourg","8":"tag-8e-journee","9":"tag-actu","10":"tag-actualites","11":"tag-beraldo","12":"tag-canal-supporters","13":"tag-chevalier","14":"tag-cs","15":"tag-eu","16":"tag-europe","17":"tag-fr","18":"tag-france","19":"tag-goncalo-ramos","20":"tag-grand-est","21":"tag-huitieme-journee","22":"tag-illia-zabarnyi","23":"tag-ligue-1","24":"tag-ligue-1-macdonalds","25":"tag-lucas-beraldo","26":"tag-lucas-chevalier","27":"tag-mayulu","28":"tag-news","29":"tag-notes","30":"tag-notes-des-joueurs-du-psg","31":"tag-notes-des-joueurs-parisiens","32":"tag-paris","33":"tag-paris-saint-germain","34":"tag-paris-sg","35":"tag-psg","36":"tag-psg-rcsa","37":"tag-psgrcsa","38":"tag-ramos","39":"tag-republique-francaise","40":"tag-senny-mayulu","41":"tag-strasbourg","42":"tag-une","43":"tag-warren-zaire-emery","44":"tag-zabarnyi","45":"tag-zaire-emery"},"share_on_mastodon":{"url":"","error":"Validation failed: Text character limit of 500 exceeded"},"_links":{"self":[{"href":"https:\/\/www.europesays.com\/fr\/wp-json\/wp\/v2\/posts\/471534","targetHints":{"allow":["GET"]}}],"collection":[{"href":"https:\/\/www.europesays.com\/fr\/wp-json\/wp\/v2\/posts"}],"about":[{"href":"https:\/\/www.europesays.com\/fr\/wp-json\/wp\/v2\/types\/post"}],"author":[{"embeddable":true,"href":"https:\/\/www.europesays.com\/fr\/wp-json\/wp\/v2\/users\/2"}],"replies":[{"embeddable":true,"href":"https:\/\/www.europesays.com\/fr\/wp-json\/wp\/v2\/comments?post=471534"}],"version-history":[{"count":0,"href":"https:\/\/www.europesays.com\/fr\/wp-json\/wp\/v2\/posts\/471534\/revisions"}],"wp:featuredmedia":[{"embeddable":true,"href":"https:\/\/www.europesays.com\/fr\/wp-json\/wp\/v2\/media\/471535"}],"wp:attachment":[{"href":"https:\/\/www.europesays.com\/fr\/wp-json\/wp\/v2\/media?parent=471534"}],"wp:term":[{"taxonomy":"category","embeddable":true,"href":"https:\/\/www.europesays.com\/fr\/wp-json\/wp\/v2\/categories?post=471534"},{"taxonomy":"post_tag","embeddable":true,"href":"https:\/\/www.europesays.com\/fr\/wp-json\/wp\/v2\/tags?post=471534"}],"curies":[{"name":"wp","href":"https:\/\/api.w.org\/{rel}","templated":true}]}}