{"id":471538,"date":"2025-10-18T03:38:18","date_gmt":"2025-10-18T03:38:18","guid":{"rendered":"https:\/\/www.europesays.com\/fr\/471538\/"},"modified":"2025-10-18T03:38:18","modified_gmt":"2025-10-18T03:38:18","slug":"abner-de-retour-a-nice","status":"publish","type":"post","link":"https:\/\/www.europesays.com\/fr\/471538\/","title":{"rendered":"Abner de retour \u00e0 Nice"},"content":{"rendered":"<p>                            <img width=\"770\" height=\"433\" src=\"https:\/\/www.europesays.com\/fr\/wp-content\/uploads\/2025\/10\/MjAyNDEwNWM5NjkxZDAwNDZiNTc4NmFlYzhmYmE2M2VlOWZiZjc-770x433.webp.webp\" class=\"attachment-article size-article wp-post-image\" alt=\"Abner f\u00eatant son premier but avec l'OL contre Le Havre\" decoding=\"async\" fetchpriority=\"high\"  \/><\/p>\n<p>Abner f\u00eatant son premier but avec l\u2019OL contre Le Havre (AFP)<\/p>\n<p>Pour le voyage \u00e0 Nice ce samedi (17 heures), Paulo Fonseca peut compter sur le retour d&rsquo;Abner. Le Br\u00e9silien figure dans le groupe. <\/p>\n<p>C&rsquo;est un renfort de plus qui revient de l&rsquo;infirmerie pour l&rsquo;OL. Dans le groupe communiqu\u00e9 par le club, nous retrouvons <strong>Abner<\/strong> chez les d\u00e9fenseurs. Le Br\u00e9silien \u00e9tait sur le chemin du retour depuis quelques jours, apr\u00e8s sa blessure survenue mi-septembre.<\/p>\n<p>Les internationaux sont l\u00e0 <\/p>\n<p>Il ne devrait pas d\u00e9marrer contre Nice samedi (17 heures). Mais il pourrait suppl\u00e9er Nicolas <strong>Tagliafico<\/strong> si besoin. L&rsquo;autre interrogation concernait Moussa <strong>Niakhat\u00e9<\/strong>, Tagliafico et Tanner <strong>Tessmann<\/strong>. Ces trois joueurs n&rsquo;ont repris l&rsquo;entra\u00eenement que ce vendredi. <\/p>\n<p>Ils sont bien pr\u00e9sents dans l&rsquo;effectif qui se d\u00e9placera sur la C\u00f4te d&rsquo;Azur pour la 9e journ\u00e9e de Ligue 1. En revanche, il sera int\u00e9ressant d&rsquo;observer leur gestion par Paulo Fonseca sur ce match. Joueront-ils 90 minutes, alors qu&rsquo;ils s&rsquo;agit de cadres de l&rsquo;\u00e9quipe ? <\/p>\n<p>R\u00e9ponse dans quelques heures. Les changements sont finalement \u00e0 la marge, avec le gardien Yvan <strong>Konan<\/strong> remplac\u00e9 par Matthias <strong>De<\/strong> <strong>Silva<\/strong>. Et surtout T\u00e9o <strong>Barisic<\/strong>, qui paie le retour d&rsquo;Abner. <\/p>\n<p><strong>Le groupe de l&rsquo;OL :<\/strong> Diarra, Greif, Da Silva &#8211; Tagliafico, Abner, Niakhat\u00e9, Kluivert, Mata, Maitland-Niles &#8211; Tessmann, Tolisso, Sulc, Morton, De Carvalho, Merah &#8211; Karabec, Fofana, Moreira, Ghezzal, Satriano, Gomes Rodriguez<\/p>\n","protected":false},"excerpt":{"rendered":"Abner f\u00eatant son premier but avec l\u2019OL contre Le Havre (AFP) Pour le voyage \u00e0 Nice ce samedi&hellip;\n","protected":false},"author":2,"featured_media":471539,"comment_status":"","ping_status":"","sticky":false,"template":"","format":"standard","meta":{"footnotes":""},"categories":[2819],"tags":[1111,11,1777,674,1011,27,12,2401,241,882,25],"class_list":{"0":"post-471538","1":"post","2":"type-post","3":"status-publish","4":"format-standard","5":"has-post-thumbnail","7":"category-nice","8":"tag-actu","9":"tag-actualites","10":"tag-eu","11":"tag-europe","12":"tag-fr","13":"tag-france","14":"tag-news","15":"tag-nice","16":"tag-ol","17":"tag-provence-alpes-cote-dazur","18":"tag-republique-francaise"},"share_on_mastodon":{"url":"https:\/\/pubeurope.com\/@fr\/115393089124174565","error":""},"_links":{"self":[{"href":"https:\/\/www.europesays.com\/fr\/wp-json\/wp\/v2\/posts\/471538","targetHints":{"allow":["GET"]}}],"collection":[{"href":"https:\/\/www.europesays.com\/fr\/wp-json\/wp\/v2\/posts"}],"about":[{"href":"https:\/\/www.europesays.com\/fr\/wp-json\/wp\/v2\/types\/post"}],"author":[{"embeddable":true,"href":"https:\/\/www.europesays.com\/fr\/wp-json\/wp\/v2\/users\/2"}],"replies":[{"embeddable":true,"href":"https:\/\/www.europesays.com\/fr\/wp-json\/wp\/v2\/comments?post=471538"}],"version-history":[{"count":0,"href":"https:\/\/www.europesays.com\/fr\/wp-json\/wp\/v2\/posts\/471538\/revisions"}],"wp:featuredmedia":[{"embeddable":true,"href":"https:\/\/www.europesays.com\/fr\/wp-json\/wp\/v2\/media\/471539"}],"wp:attachment":[{"href":"https:\/\/www.europesays.com\/fr\/wp-json\/wp\/v2\/media?parent=471538"}],"wp:term":[{"taxonomy":"category","embeddable":true,"href":"https:\/\/www.europesays.com\/fr\/wp-json\/wp\/v2\/categories?post=471538"},{"taxonomy":"post_tag","embeddable":true,"href":"https:\/\/www.europesays.com\/fr\/wp-json\/wp\/v2\/tags?post=471538"}],"curies":[{"name":"wp","href":"https:\/\/api.w.org\/{rel}","templated":true}]}}