{"id":471540,"date":"2025-10-18T03:39:32","date_gmt":"2025-10-18T03:39:32","guid":{"rendered":"https:\/\/www.europesays.com\/fr\/471540\/"},"modified":"2025-10-18T03:39:32","modified_gmt":"2025-10-18T03:39:32","slug":"a-reze-une-oeuvre-en-hommage-a-lartiste-marc-tetedoie","status":"publish","type":"post","link":"https:\/\/www.europesays.com\/fr\/471540\/","title":{"rendered":"\u00c0 Rez\u00e9, une \u0153uvre en hommage \u00e0 l\u2019artiste Marc T\u00eatedoie"},"content":{"rendered":"<p>D\u00e9c\u00e9d\u00e9 le 29\u00a0juin 2021, \u00e0 l\u2019\u00e2ge de 55\u00a0ans, Marc T\u00eatedoie, artiste rez\u00e9en, danseur, chor\u00e9graphe et p\u00e9dagogue a marqu\u00e9 la sc\u00e8ne artistique par son engagement et sa passion pour la danse contemporaine et le spectacle vivant. Il a particip\u00e9 \u00e0 la cr\u00e9ation de la compagnie \u00ab\u00a0\u00c9cart\u00a0\u00bb avec Gilles M\u00e9nard et Anne Clouet, en 1984. D\u00e9c\u00e9d\u00e9 le 29\u00a0juin 2021, Marc T\u00eatedoie laisse derri\u00e8re lui un h\u00e9ritage culturel important.<\/p>\n<p>Fin ao\u00fbt, cette compagnie a fait don \u00e0 la Ville d\u2019une \u0153uvre contemporaine en sa m\u00e9moire, r\u00e9alis\u00e9e par Philippe Ragot\u00a0: l\u2019arbre \u00e0 Pouic-Pouic, install\u00e9 dans le bois des Naudi\u00e8res. <strong>\u00ab\u00a0C\u2019est une installation propice \u00e0 la d\u00e9tente, \u00e0 la contemplation et \u00e9voque un arbre qui servira de support \u00e0 une v\u00e9g\u00e9talisation grimpante afin de souligner le lien entre les humains et la nature,<\/strong> indique la mairie de Rez\u00e9. <strong>Les assises, avec leurs mosa\u00efques int\u00e9gr\u00e9es repr\u00e9sentent des cr\u00e9ations ou des moments de vie de Marc T\u00eatedoie. Cette installation dans cet environnement n\u2019a subi aucune alt\u00e9ration ou modification pour l\u2019accueillir.\u00a0\u00bb<\/strong><\/p>\n<p>L\u2019\u0153uvre sera inaugur\u00e9e le samedi 18\u00a0octobre \u00e0 16\u00a0h, dans le bois des Naudi\u00e8res (impasse des P\u00e9lou\u00e9es). \u00c0 cette occasion, un temps artistique intitul\u00e9 \u00ab\u00a0La marche des chants\u00a0\u00bb sera pr\u00e9sent\u00e9 par danseurs de la compagnie \u00c9cart.<\/p>\n<p>\u00a0<\/p>\n","protected":false},"excerpt":{"rendered":"D\u00e9c\u00e9d\u00e9 le 29\u00a0juin 2021, \u00e0 l\u2019\u00e2ge de 55\u00a0ans, Marc T\u00eatedoie, artiste rez\u00e9en, danseur, chor\u00e9graphe et p\u00e9dagogue a marqu\u00e9&hellip;\n","protected":false},"author":2,"featured_media":471541,"comment_status":"","ping_status":"","sticky":false,"template":"","format":"standard","meta":{"footnotes":""},"categories":[2818],"tags":[1111,11,2593,1777,674,1011,27,4879,13393,766,12,2636,25,3740,32109,5773],"class_list":{"0":"post-471540","1":"post","2":"type-post","3":"status-publish","4":"format-standard","5":"has-post-thumbnail","7":"category-nantes","8":"tag-actu","9":"tag-actualites","10":"tag-artiste","11":"tag-eu","12":"tag-europe","13":"tag-fr","14":"tag-france","15":"tag-hommage","16":"tag-marc","17":"tag-nantes","18":"tag-news","19":"tag-pays-de-la-loire","20":"tag-republique-francaise","21":"tag-reze","22":"tag-tetedoie","23":"tag-uvre"},"share_on_mastodon":{"url":"https:\/\/pubeurope.com\/@fr\/115393092932634504","error":""},"_links":{"self":[{"href":"https:\/\/www.europesays.com\/fr\/wp-json\/wp\/v2\/posts\/471540","targetHints":{"allow":["GET"]}}],"collection":[{"href":"https:\/\/www.europesays.com\/fr\/wp-json\/wp\/v2\/posts"}],"about":[{"href":"https:\/\/www.europesays.com\/fr\/wp-json\/wp\/v2\/types\/post"}],"author":[{"embeddable":true,"href":"https:\/\/www.europesays.com\/fr\/wp-json\/wp\/v2\/users\/2"}],"replies":[{"embeddable":true,"href":"https:\/\/www.europesays.com\/fr\/wp-json\/wp\/v2\/comments?post=471540"}],"version-history":[{"count":0,"href":"https:\/\/www.europesays.com\/fr\/wp-json\/wp\/v2\/posts\/471540\/revisions"}],"wp:featuredmedia":[{"embeddable":true,"href":"https:\/\/www.europesays.com\/fr\/wp-json\/wp\/v2\/media\/471541"}],"wp:attachment":[{"href":"https:\/\/www.europesays.com\/fr\/wp-json\/wp\/v2\/media?parent=471540"}],"wp:term":[{"taxonomy":"category","embeddable":true,"href":"https:\/\/www.europesays.com\/fr\/wp-json\/wp\/v2\/categories?post=471540"},{"taxonomy":"post_tag","embeddable":true,"href":"https:\/\/www.europesays.com\/fr\/wp-json\/wp\/v2\/tags?post=471540"}],"curies":[{"name":"wp","href":"https:\/\/api.w.org\/{rel}","templated":true}]}}