{"id":471558,"date":"2025-10-18T03:49:14","date_gmt":"2025-10-18T03:49:14","guid":{"rendered":"https:\/\/www.europesays.com\/fr\/471558\/"},"modified":"2025-10-18T03:49:14","modified_gmt":"2025-10-18T03:49:14","slug":"un-escalier-des-pentes-de-la-croix-rousse-a-lyon-tague-aux-couleurs-de-la-palestine","status":"publish","type":"post","link":"https:\/\/www.europesays.com\/fr\/471558\/","title":{"rendered":"Un escalier des pentes de la Croix-Rousse \u00e0 Lyon tagu\u00e9 aux couleurs de la Palestine"},"content":{"rendered":"<p data-start=\"392\" data-end=\"871\">C&rsquo;est une information relay\u00e9e pas <a href=\"https:\/\/actu.fr\/auvergne-rhone-alpes\/lyon_69123\/lyon-ce-grand-escalier-repeint-aux-couleurs-de-la-palestine-une-plainte-deposee_63304385.html\" rel=\"nofollow noopener noreferrer\" target=\"_blank\">Actu Lyon<\/a>. <strong>Un escalier mythique de Lyon s\u2019est retrouv\u00e9 recouvert des couleurs de la Palestine<\/strong>, du vert au rouge en passant par le noir et le blanc, dans une mise en sc\u00e8ne visuellement saisissante. L\u2019\u0153uvre \u2014 ou plut\u00f4t le tag \u2014 a \u00e9t\u00e9 r\u00e9alis\u00e9e le week-end dernier sur les marches reliant les pentes de la Croix-Rousse au haut du plateau. Rapidement rep\u00e9r\u00e9 par les passants, ce drapeau g\u00e9ant a suscit\u00e9 autant d\u2019admiration que de crispations, en pleine p\u00e9riode de tensions internationales.<\/p>\n<p>&#13;<br \/>\n<strong>Une plainte d\u00e9pos\u00e9e par la M\u00e9tropole de Lyon<\/strong>&#13;<\/p>\n<p data-start=\"929\" data-end=\"1333\">La M\u00e9tropole n\u2019a pas tard\u00e9 \u00e0 r\u00e9agir. Saisie d\u00e8s le constat des faits, elle a port\u00e9 plainte pour d\u00e9gradation de l\u2019espace public. De son c\u00f4t\u00e9, la mairie du 1er arrondissement, interrog\u00e9e par <a href=\"https:\/\/actu.fr\/auvergne-rhone-alpes\/lyon_69123\/lyon-ce-grand-escalier-repeint-aux-couleurs-de-la-palestine-une-plainte-deposee_63304385.html\" rel=\"nofollow noopener noreferrer\" target=\"_blank\">Actu Lyon<\/a>, a dit \u00ab\u00a0regretter cette d\u00e9gradation\u00a0\u00bb, tout en confirmant avoir alert\u00e9 imm\u00e9diatement les services m\u00e9tropolitains pour un nettoyage express. <strong>R\u00e9sultat\u00a0: l\u2019effacement du drapeau devrait intervenir \u00ab\u00a0dans les heures prochaines\u00a0\u00bb.<\/strong><strong\/><\/p>\n<p>&#13;<\/p>\n<blockquote class=\"instagram-media\" data-instgrm-permalink=\"https:\/\/www.instagram.com\/p\/DPqsxSwjIws\/?utm_source=ig_embed&amp;utm_campaign=loading\" data-instgrm-version=\"14\" style=\"background: #FFF; border: 0; border-radius: 3px; box-shadow: 0 0 1px 0 rgba(0,0,0,0.5),0 1px 10px 0 rgba(0,0,0,0.15); margin: 1px; max-width: 540px; min-width: 326px; padding: 0; width: calc(100% - 2px);\"><p>&#13;<br \/>\n&#13;\n<\/p><\/blockquote>\n<p>&#13;<br \/>\n&#13;<br \/>\n&#13;<br \/>\n&#13;<br \/>\n<strong>Un co\u00fbt colossal pour la Ville<\/strong>&#13;<\/p>\n<p data-start=\"1377\" data-end=\"1775\">Derri\u00e8re cette nouvelle pol\u00e9mique, <strong data-start=\"1412\" data-end=\"1477\">c\u2019est aussi la facture du nettoyage urbain qui refait surface<\/strong>. La Ville de Lyon rappelle que plus de <strong data-start=\"1517\" data-end=\"1540\">1,4 million d\u2019euros<\/strong> <strong>sont d\u00e9pens\u00e9s chaque ann\u00e9e pour effacer les tags<\/strong>, un montant en hausse constante. Entre 2019 et 2024, les surfaces trait\u00e9es ont bondi de 41 %, avec pr\u00e8s de 335 000 m\u00b2 nettoy\u00e9s rien qu\u2019en 2024, soit 32 interventions par jour.<\/p>\n<p>&#13;<\/p>\n<p data-start=\"1377\" data-end=\"1775\">Source\u00a0: <a href=\"https:\/\/actu.fr\/auvergne-rhone-alpes\/lyon_69123\/lyon-ce-grand-escalier-repeint-aux-couleurs-de-la-palestine-une-plainte-deposee_63304385.html\" rel=\"nofollow noopener noreferrer\" target=\"_blank\">Actu Lyon<\/a><\/p>\n<p><script async src=\"\/\/www.instagram.com\/embed.js\"><\/script><\/p>\n","protected":false},"excerpt":{"rendered":"C&rsquo;est une information relay\u00e9e pas Actu Lyon. Un escalier mythique de Lyon s\u2019est retrouv\u00e9 recouvert des couleurs de&hellip;\n","protected":false},"author":2,"featured_media":471559,"comment_status":"","ping_status":"","sticky":false,"template":"","format":"standard","meta":{"footnotes":""},"categories":[1889],"tags":[1111,11,2430,1777,674,1011,27,2428,12,25],"class_list":{"0":"post-471558","1":"post","2":"type-post","3":"status-publish","4":"format-standard","5":"has-post-thumbnail","7":"category-lyon","8":"tag-actu","9":"tag-actualites","10":"tag-auvergne-rhone-alpes","11":"tag-eu","12":"tag-europe","13":"tag-fr","14":"tag-france","15":"tag-lyon","16":"tag-news","17":"tag-republique-francaise"},"share_on_mastodon":{"url":"https:\/\/pubeurope.com\/@fr\/115393132237770371","error":""},"_links":{"self":[{"href":"https:\/\/www.europesays.com\/fr\/wp-json\/wp\/v2\/posts\/471558","targetHints":{"allow":["GET"]}}],"collection":[{"href":"https:\/\/www.europesays.com\/fr\/wp-json\/wp\/v2\/posts"}],"about":[{"href":"https:\/\/www.europesays.com\/fr\/wp-json\/wp\/v2\/types\/post"}],"author":[{"embeddable":true,"href":"https:\/\/www.europesays.com\/fr\/wp-json\/wp\/v2\/users\/2"}],"replies":[{"embeddable":true,"href":"https:\/\/www.europesays.com\/fr\/wp-json\/wp\/v2\/comments?post=471558"}],"version-history":[{"count":0,"href":"https:\/\/www.europesays.com\/fr\/wp-json\/wp\/v2\/posts\/471558\/revisions"}],"wp:featuredmedia":[{"embeddable":true,"href":"https:\/\/www.europesays.com\/fr\/wp-json\/wp\/v2\/media\/471559"}],"wp:attachment":[{"href":"https:\/\/www.europesays.com\/fr\/wp-json\/wp\/v2\/media?parent=471558"}],"wp:term":[{"taxonomy":"category","embeddable":true,"href":"https:\/\/www.europesays.com\/fr\/wp-json\/wp\/v2\/categories?post=471558"},{"taxonomy":"post_tag","embeddable":true,"href":"https:\/\/www.europesays.com\/fr\/wp-json\/wp\/v2\/tags?post=471558"}],"curies":[{"name":"wp","href":"https:\/\/api.w.org\/{rel}","templated":true}]}}