{"id":471566,"date":"2025-10-18T03:55:34","date_gmt":"2025-10-18T03:55:34","guid":{"rendered":"https:\/\/www.europesays.com\/fr\/471566\/"},"modified":"2025-10-18T03:55:34","modified_gmt":"2025-10-18T03:55:34","slug":"four-tet-de-retour-au-zenith-de-paris","status":"publish","type":"post","link":"https:\/\/www.europesays.com\/fr\/471566\/","title":{"rendered":"Four Tet de retour au Z\u00e9nith de Paris"},"content":{"rendered":"<p>C\u2019est la grosse nouvelle de cette fin de semaine ! <strong>Four Tet<\/strong> va signer son retour dans la capitale le 24 janvier prochain. Presque 2 ans jour pour jour apr\u00e8s son dernier passage au <a href=\"https:\/\/le-zenith.com\/\" rel=\"nofollow noopener\" target=\"_blank\">Z\u00e9nith de Paris<\/a>, Kieran Hebden aka <strong>Four Tet<\/strong> va remettre le couvert pour une seconde \u00e9dition.<\/p>\n<p>Le producteur longuement associ\u00e9 \u00e0 <strong>Skrillex<\/strong> et <strong>Fred Again<\/strong> marquera donc son retour apr\u00e8s le succ\u00e8s rencontr\u00e9 en 2024. Une date durant laquelle il nous avait emmen\u00e9s, ainsi que les 6000 autres personnes du Z\u00e9nith, dans un v\u00e9ritable voyage sonore. Vous retrouverez donc l\u2019Anglais dans l\u2019exact m\u00eame format que la derni\u00e8re date, \u00e0 savoir : 5h de set o\u00f9 la fronti\u00e8re entre les styles s\u2019efface. 5h de set de 19h \u00e0 00h avec une sc\u00e8ne centrale et une sc\u00e9nographie minimaliste. Alors, envie de vous immerger dans l\u2019univers du Britannique ? Nous, on dit oui ! On vous donne donc rendez-vous le 24 janvier 2026.<\/p>\n","protected":false},"excerpt":{"rendered":"C\u2019est la grosse nouvelle de cette fin de semaine ! Four Tet va signer son retour dans la&hellip;\n","protected":false},"author":2,"featured_media":471567,"comment_status":"","ping_status":"","sticky":false,"template":"","format":"standard","meta":{"footnotes":""},"categories":[1888],"tags":[1111,1928,11,1927,59516,1697,1777,674,59517,1011,27,12,1926,626,1925,25,59518],"class_list":{"0":"post-471566","1":"post","2":"type-post","3":"status-publish","4":"format-standard","5":"has-post-thumbnail","7":"category-paris","8":"tag-actu","9":"tag-actu-paris","10":"tag-actualites","11":"tag-actualites-paris","12":"tag-all-night-long","13":"tag-concert","14":"tag-eu","15":"tag-europe","16":"tag-four-tet","17":"tag-fr","18":"tag-france","19":"tag-news","20":"tag-news-paris","21":"tag-paris","22":"tag-paris-news","23":"tag-republique-francaise","24":"tag-zenith-paris"},"share_on_mastodon":{"url":"https:\/\/pubeurope.com\/@fr\/115393155816326787","error":""},"_links":{"self":[{"href":"https:\/\/www.europesays.com\/fr\/wp-json\/wp\/v2\/posts\/471566","targetHints":{"allow":["GET"]}}],"collection":[{"href":"https:\/\/www.europesays.com\/fr\/wp-json\/wp\/v2\/posts"}],"about":[{"href":"https:\/\/www.europesays.com\/fr\/wp-json\/wp\/v2\/types\/post"}],"author":[{"embeddable":true,"href":"https:\/\/www.europesays.com\/fr\/wp-json\/wp\/v2\/users\/2"}],"replies":[{"embeddable":true,"href":"https:\/\/www.europesays.com\/fr\/wp-json\/wp\/v2\/comments?post=471566"}],"version-history":[{"count":0,"href":"https:\/\/www.europesays.com\/fr\/wp-json\/wp\/v2\/posts\/471566\/revisions"}],"wp:featuredmedia":[{"embeddable":true,"href":"https:\/\/www.europesays.com\/fr\/wp-json\/wp\/v2\/media\/471567"}],"wp:attachment":[{"href":"https:\/\/www.europesays.com\/fr\/wp-json\/wp\/v2\/media?parent=471566"}],"wp:term":[{"taxonomy":"category","embeddable":true,"href":"https:\/\/www.europesays.com\/fr\/wp-json\/wp\/v2\/categories?post=471566"},{"taxonomy":"post_tag","embeddable":true,"href":"https:\/\/www.europesays.com\/fr\/wp-json\/wp\/v2\/tags?post=471566"}],"curies":[{"name":"wp","href":"https:\/\/api.w.org\/{rel}","templated":true}]}}