{"id":471568,"date":"2025-10-18T03:56:14","date_gmt":"2025-10-18T03:56:14","guid":{"rendered":"https:\/\/www.europesays.com\/fr\/471568\/"},"modified":"2025-10-18T03:56:14","modified_gmt":"2025-10-18T03:56:14","slug":"logements-ratp-demolition-du-parking-verrue-villejuif-prepare-le-quartier-aragon-a-larrivee-du-metro","status":"publish","type":"post","link":"https:\/\/www.europesays.com\/fr\/471568\/","title":{"rendered":"Logements RATP, d\u00e9molition du parking \u00ab\u00a0verrue\u00a0\u00bb\u2026 Villejuif pr\u00e9pare le quartier Aragon \u00e0 l\u2019arriv\u00e9e du m\u00e9tro"},"content":{"rendered":"<p class=\"paragraph text_align_left lp-f-body-02\">Dans ce \u00ab quartier tr\u00e8s dense en activit\u00e9s \u00bb, rappelle le maire Pierre Garzon (PCF), se croisent d\u00e9j\u00e0 les<a href=\"https:\/\/www.leparisien.fr\/val-de-marne-94\/a-thiais-et-chevilly-larue-la-d-7-se-mue-en-boulevard-urbain-grace-au-tramway-et-au-metro-05-06-2024-HSWXKMKAWVCZ7LJJLIOLZNDYRI.php\" target=\"_self\" rel=\"noopener\"> D 7<\/a> et D 148, la ligne 7 du m\u00e9tro, <a href=\"https:\/\/www.leparisien.fr\/val-de-marne-94\/la-contrainte-est-technique-a-vitry-comment-340-logements-cohabitent-avec-le-site-de-remisage-du-tram-t7-03-10-2023-GRGOKTBAYVD4HDIVWQK7OPSQDY.php\" target=\"_self\" rel=\"noopener\">le tramway T7<\/a>, de nombreuses lignes de bus. Bient\u00f4t verra le jour une station de <a href=\"https:\/\/www.leparisien.fr\/val-de-marne-94\/on-nen-voit-pas-le-bout-la-ligne-15-sud-du-grand-paris-express-glisse-vers-avril-2027-09-10-2025-RZ67CQ2ZDFBTBLJKDY753GYBFY.php\" target=\"_self\" rel=\"noopener\">la ligne 15 sud<\/a>, des centaines de nouveaux appartements, des commerces, etc. D\u2019o\u00f9 la n\u00e9cessit\u00e9 de r\u00e9am\u00e9nager les lieux pour y fluidifier et organiser au mieux les flux.<\/p>\n","protected":false},"excerpt":{"rendered":"Dans ce \u00ab quartier tr\u00e8s dense en activit\u00e9s \u00bb, rappelle le maire Pierre Garzon (PCF), se croisent d\u00e9j\u00e0&hellip;\n","protected":false},"author":2,"featured_media":471569,"comment_status":"","ping_status":"","sticky":false,"template":"","format":"standard","meta":{"footnotes":""},"categories":[1888],"tags":[11,1777,674,1011,27,1944,12,626,25,1125],"class_list":{"0":"post-471568","1":"post","2":"type-post","3":"status-publish","4":"format-standard","5":"has-post-thumbnail","7":"category-paris","8":"tag-actualites","9":"tag-eu","10":"tag-europe","11":"tag-fr","12":"tag-france","13":"tag-ma-ville","14":"tag-news","15":"tag-paris","16":"tag-republique-francaise","17":"tag-val-de-marne"},"share_on_mastodon":{"url":"https:\/\/pubeurope.com\/@fr\/115393159727415989","error":""},"_links":{"self":[{"href":"https:\/\/www.europesays.com\/fr\/wp-json\/wp\/v2\/posts\/471568","targetHints":{"allow":["GET"]}}],"collection":[{"href":"https:\/\/www.europesays.com\/fr\/wp-json\/wp\/v2\/posts"}],"about":[{"href":"https:\/\/www.europesays.com\/fr\/wp-json\/wp\/v2\/types\/post"}],"author":[{"embeddable":true,"href":"https:\/\/www.europesays.com\/fr\/wp-json\/wp\/v2\/users\/2"}],"replies":[{"embeddable":true,"href":"https:\/\/www.europesays.com\/fr\/wp-json\/wp\/v2\/comments?post=471568"}],"version-history":[{"count":0,"href":"https:\/\/www.europesays.com\/fr\/wp-json\/wp\/v2\/posts\/471568\/revisions"}],"wp:featuredmedia":[{"embeddable":true,"href":"https:\/\/www.europesays.com\/fr\/wp-json\/wp\/v2\/media\/471569"}],"wp:attachment":[{"href":"https:\/\/www.europesays.com\/fr\/wp-json\/wp\/v2\/media?parent=471568"}],"wp:term":[{"taxonomy":"category","embeddable":true,"href":"https:\/\/www.europesays.com\/fr\/wp-json\/wp\/v2\/categories?post=471568"},{"taxonomy":"post_tag","embeddable":true,"href":"https:\/\/www.europesays.com\/fr\/wp-json\/wp\/v2\/tags?post=471568"}],"curies":[{"name":"wp","href":"https:\/\/api.w.org\/{rel}","templated":true}]}}