{"id":471578,"date":"2025-10-18T04:01:11","date_gmt":"2025-10-18T04:01:11","guid":{"rendered":"https:\/\/www.europesays.com\/fr\/471578\/"},"modified":"2025-10-18T04:01:11","modified_gmt":"2025-10-18T04:01:11","slug":"petit-mode-demploi-pour-sintegrer-en-france-a-lusage-des-britanniques","status":"publish","type":"post","link":"https:\/\/www.europesays.com\/fr\/471578\/","title":{"rendered":"Petit mode d\u2019emploi pour s\u2019int\u00e9grer en France \u00e0 l\u2019usage des Britanniques"},"content":{"rendered":"\n<p>Voil\u00e0 belle lurette que les Britanniques ont pris go\u00fbt \u00e0 la France\u00a0: attir\u00e9s par les ch\u00e2teaux pittoresques et un rythme de vie plus doux, ils sont des milliers \u00e0 partir s\u2019installer par-del\u00e0 la Manche, en d\u00e9pit de toutes les barri\u00e8res bureaucratiques que le Brexit a \u00e9rig\u00e9es. L\u2019ann\u00e9e derni\u00e8re, ils \u00e9taient environ 8\u00a0000 \u00e0 demander pour la premi\u00e8re fois un titre de s\u00e9jour dans l\u2019Hexagone selon les autorit\u00e9s, soit 1\u00a0000 de moins qu\u2019en 2023.<\/p>\n<p>Une fois arriv\u00e9, il faut trouver l\u2019endroit id\u00e9al pour s\u2019installer. Apr\u00e8s une p\u00e9riode d\u2019acclimatation vient le temps de devenir un r\u00e9sident comme les autres et de s\u00e9duire ses nouveaux voisins \u2013 voire, potentiellement, de se fondre compl\u00e8tement dans cette nouvelle culture. Apprendre la langue est une chose, mais il faut \u00e9galement du temps et de la volont\u00e9 pour r\u00e9ussir \u00e0 r\u00e9ellement s\u2019int\u00e9grer au voisinage.<\/p>\n<p>Quatre expatri\u00e9s nous racontent comment ils ont choisi leur nouvelle terre d\u2019\u00e9lection ainsi que leur cheminement pour s\u2019acclimater \u00e0 leur nouvel environnement.<\/p>\n<p>Pour Nic Breese, c\u2019est l\u2019aspect logistique qui a tout d\u00e9cid\u00e9. Consultant en t\u00e9l\u00e9communications avec des clients du monde entier, impossible pour lui d\u2019habiter \u00e0 plus d\u2019une heure d\u2019un grand a\u00e9roport \u2013 Paris, Toulouse ou Lyon, donc. \u201cJ\u2019ai trac\u00e9 un cercle autour de Toulouse et nous nous sommes <\/p>\n<p>  Offres sp\u00e9ciales  Pour lire la suite de cet article, abonnez-vous <\/p>\n<p class=\"paywall-text\"><strong>Abonnez-vous et\u00a0acc\u00e9dez \u00e0\u00a0:<\/strong><br \/>l\u2019hebdo, tous les contenus, l\u2019application, <br \/>le\u00a0R\u00e9veil Courrier, les newsletters abonn\u00e9s. <\/p>\n<p class=\"price\"><strong>3,99\u00a0\u20ac<\/strong>\/mois<\/p>\n<p> Sans engagement \u2022 R\u00e9siliable \u00e0\u00a0tout moment                <\/p>\n<p class=\"article-authors\">                         <a href=\"https:\/\/www.courrierinternational.com\/auteur\/liz-rowlinson\" target=\"_blank\" rel=\"noopener\">Liz Rowlinson<\/a>    <\/p>\n<p class=\"article-vo\"><a href=\"https:\/\/www.telegraph.co.uk\/money\/property\/buying-selling\/how-move-france-treated-like-local\/\" rel=\"noopener\" target=\"_blank\">Lire l\u2019article original<\/a><\/p>\n<p>Nos lecteurs ont lu\u00a0aussi<\/p>\n<p>Source de l\u2019article<\/p>\n<p>   <img decoding=\"async\" class=\"source-logo\" src=\"https:\/\/www.europesays.com\/fr\/wp-content\/uploads\/2025\/05\/8be5236_1643653611956-the-daily-telegraph.jpg\"  alt=\"Logo\" loading=\"lazy\" width=\"32\" height=\"32\"\/>  The Daily Telegraph  (Londres)       <\/p>\n<p>Atlantiste et eurosceptique sur le fond, pugnace et engag\u00e9 sur la forme, c\u2019est le journal conservateur de r\u00e9f\u00e9rence. Fond\u00e9 en 1855, comme le\u00a0rappelle son titre en\u00a0hommage \u00e0 une technologie de\u00a0communication alors r\u00e9volutionnaire, il est le dernier des quotidiens nationaux d\u2019envergure \u00e0 ne pas avoir abandonn\u00e9 le grand format.<\/p>\n<p>D\u00e9tenu jusqu\u2019au d\u00e9but de 2004 par le magnat de la presse Conrad Black, le titre a ensuite \u00e9t\u00e9 la propri\u00e9t\u00e9 des fr\u00e8res milliardaires David et Frederick Barclay. En 2023, sur fond de bras de fer financier, le journal a \u00e9t\u00e9 saisi par les cr\u00e9anciers de la famille Barclay, qui lui cherchent d\u00e9sormais un nouveau propri\u00e9taire, ainsi qu\u2019\u00e0 The Sunday Telegraph, regroup\u00e9s au sein du Telegraph Media Group Holdings Ltd.<\/p>\n<p>Son agenda est tr\u00e8s pris\u00e9, en raison notamment du Court Circular, qui pr\u00e9sente tous les jours les activit\u00e9s de la famille royale. Un autre rendez-vous tr\u00e8s attendu est le petit dessin de Matt, toujours \u00e9l\u00e9gant et dr\u00f4le, publi\u00e9 en premi\u00e8re page.<\/p>\n<p>      <a href=\"https:\/\/www.courrierinternational.com\/notule-source\/the-daily-telegraph-0\" class=\"source-link\" target=\"_blank\" rel=\"noopener\">Lire la suite<\/a>                 <\/p>\n<p>Nos services<\/p>\n","protected":false},"excerpt":{"rendered":"Voil\u00e0 belle lurette que les Britanniques ont pris go\u00fbt \u00e0 la France\u00a0: attir\u00e9s par les ch\u00e2teaux pittoresques et&hellip;\n","protected":false},"author":2,"featured_media":471579,"comment_status":"","ping_status":"","sticky":false,"template":"","format":"standard","meta":{"footnotes":""},"categories":[1588],"tags":[11,1777,674,4315,27,3821,12,473,1853,1851,1850,1852],"class_list":{"0":"post-471578","1":"post","2":"type-post","3":"status-publish","4":"format-standard","5":"has-post-thumbnail","7":"category-royaume-uni","8":"tag-actualites","9":"tag-eu","10":"tag-europe","11":"tag-expatriation","12":"tag-france","13":"tag-la-france-vue-de-lu2019u00e9tranger","14":"tag-news","15":"tag-royaume-uni","16":"tag-royaume-uni-de-grande-bretagne-et-dirlande-du-nord","17":"tag-uk","18":"tag-united-kingdom","19":"tag-united-kingdom-of-great-britain-and-northern-ireland"},"share_on_mastodon":{"url":"https:\/\/pubeurope.com\/@fr\/115393179966986127","error":""},"_links":{"self":[{"href":"https:\/\/www.europesays.com\/fr\/wp-json\/wp\/v2\/posts\/471578","targetHints":{"allow":["GET"]}}],"collection":[{"href":"https:\/\/www.europesays.com\/fr\/wp-json\/wp\/v2\/posts"}],"about":[{"href":"https:\/\/www.europesays.com\/fr\/wp-json\/wp\/v2\/types\/post"}],"author":[{"embeddable":true,"href":"https:\/\/www.europesays.com\/fr\/wp-json\/wp\/v2\/users\/2"}],"replies":[{"embeddable":true,"href":"https:\/\/www.europesays.com\/fr\/wp-json\/wp\/v2\/comments?post=471578"}],"version-history":[{"count":0,"href":"https:\/\/www.europesays.com\/fr\/wp-json\/wp\/v2\/posts\/471578\/revisions"}],"wp:featuredmedia":[{"embeddable":true,"href":"https:\/\/www.europesays.com\/fr\/wp-json\/wp\/v2\/media\/471579"}],"wp:attachment":[{"href":"https:\/\/www.europesays.com\/fr\/wp-json\/wp\/v2\/media?parent=471578"}],"wp:term":[{"taxonomy":"category","embeddable":true,"href":"https:\/\/www.europesays.com\/fr\/wp-json\/wp\/v2\/categories?post=471578"},{"taxonomy":"post_tag","embeddable":true,"href":"https:\/\/www.europesays.com\/fr\/wp-json\/wp\/v2\/tags?post=471578"}],"curies":[{"name":"wp","href":"https:\/\/api.w.org\/{rel}","templated":true}]}}