{"id":471580,"date":"2025-10-18T04:02:20","date_gmt":"2025-10-18T04:02:20","guid":{"rendered":"https:\/\/www.europesays.com\/fr\/471580\/"},"modified":"2025-10-18T04:02:20","modified_gmt":"2025-10-18T04:02:20","slug":"oliver-blume-quitte-la-tete-de-porsche-pour-se-concentrer-sur-vw","status":"publish","type":"post","link":"https:\/\/www.europesays.com\/fr\/471580\/","title":{"rendered":"Oliver Blume quitte la t\u00eate de Porsche pour se concentrer sur VW"},"content":{"rendered":"<p>&#13;<br \/>\n                        Allemagne : Oliver Blume quitte la t\u00eate de Porsche pour se concentrer sur VW&#13;\n                    <\/p>\n<p style=\"text-align:\">Le fabricant de voitures de luxe Porsche, en difficult\u00e9, a annonc\u00e9 vendredi 17 octobre le d\u00e9part anticip\u00e9 de son pr\u00e9sident du directoire, Oliver Blume, qui va se consacrer pleinement \u00e0 sa deuxi\u00e8me fonction de patron de la maison m\u00e8re Volkswagen, qu&rsquo;il devrait exercer jusqu&rsquo;\u00e0 la fin 2030.<\/p>\n<p><a href=\"https:\/\/lecourrier.vn\/volkswagen-envisage-de-fermer-des-usines-en-allemagne-une-premiere-historique\/1268342.html\" title=\"Volkswagen envisage de fermer des usines en Allemagne, une premi\u00e8re historique\" rel=\"nofollow noopener\" target=\"_blank\">&gt;&gt; Volkswagen envisage de fermer des usines en Allemagne, une premi\u00e8re historique<\/a><\/p>\n<p><a href=\"https:\/\/lecourrier.vn\/volkswagen-insiste-sur-lurgence-de-baisser-les-couts-en-allemagne\/1273703.html\" title=\"Volkswagen insiste sur &lt;i&gt;&quot;l&#039;urgence&quot;&lt;\/i&gt; de baisser les co\u00fbts en Allemagne\" rel=\"nofollow noopener\" target=\"_blank\">&gt;&gt; Volkswagen insiste sur \u00ab\u00a0l&rsquo;urgence\u00a0\u00bb de baisser les co\u00fbts en Allemagne<\/a><\/p>\n<p><a href=\"https:\/\/lecourrier.vn\/remous-chez-porsche-avec-le-depart-de-deux-responsables\/1276890.html\" title=\"Remous chez Porsche avec le d\u00e9part de deux responsables\" rel=\"nofollow noopener\" target=\"_blank\">&gt;&gt; Remous chez Porsche avec le d\u00e9part de deux responsables<\/a><\/p>\n<tr>\n<td class=\"pic\"><img decoding=\"async\" class=\"lazyload\" src=\"https:\/\/www.europesays.com\/fr\/wp-content\/uploads\/2025\/10\/230022-field_media_image-2961200-40a7ee1350cbacf3cf2740434cc0de9b6a821311.webp.webp\" alt=\"\"\/><\/td>\n<\/tr>\n<tr>\n<td class=\"caption\">Oliver Blume \u00e0 Berlin, en Allemagne, le 7 novembre 2024.<\/td>\n<\/tr>\n<tr align=\"right\">\n<td class=\"author\">Photo : AFP\/VNA\/CVN<\/td>\n<\/tr>\n<p style=\"text-align:left\">Le conseil de surveillance s&rsquo;est entretenu \u00ab\u00a0d&rsquo;un commun accord\u00a0\u00bb avec lui, au sujet d&rsquo;un d\u00e9part anticip\u00e9 du directoire de Porsche, a indiqu\u00e9 la direction de la marque dans un communiqu\u00e9.<\/p>\n<p style=\"text-align:left\">Michael Leiters, ancien directeur g\u00e9n\u00e9ral du constructeur britannique McLaren Automotive, a \u00e9t\u00e9 nomm\u00e9 pour lui succ\u00e9der. Ing\u00e9nieur de formation, il avait d\u00e9but\u00e9 sa carri\u00e8re chez Porsche, o\u00f9 il a travaill\u00e9 treize ans comme chef de projet avant de rejoindre Ferrari puis McLaren.<\/p>\n<p style=\"text-align:left\">Depuis plusieurs mois, la double casquette de M. Blume faisait l\u2019objet de critiques de la part de certains actionnaires, qui estimaient qu\u2019il \u00e9tait difficile de diriger simultan\u00e9ment Volkswagen et Porsche dans un contexte de crise du secteur, pilier de l&rsquo;\u00e9conomie allemande. Des noms de successeurs potentiels circulaient d\u00e9j\u00e0 dans la presse allemande.<\/p>\n<p style=\"text-align:left\">Le groupe Volkswagen a annonc\u00e9 l&rsquo;hiver dernier vouloir supprimer 35.000 emplois et arr\u00eater la production dans deux de ses usines allemandes, une premi\u00e8re historique.<\/p>\n<p style=\"text-align:left\">Porsche n\u2019est pas \u00e9pargn\u00e9 : la marque a annonc\u00e9 en juillet pr\u00e9parer un nouveau plan d\u2019\u00e9conomies, apr\u00e8s 1.900 suppressions d\u2019emplois en f\u00e9vrier. Ses ventes ont recul\u00e9 de 6% depuis le d\u00e9but de l\u2019ann\u00e9e. Ses ventes de voitures depuis le d\u00e9but de l&rsquo;ann\u00e9e ont chut\u00e9 de 6% sur un an.<\/p>\n<p style=\"text-align:left\">La marque, d\u00e9pourvue d\u2019usine aux \u00c9tats-Unis, est \u00e9galement affect\u00e9e par les droits de douane impos\u00e9s par Washington sur les voitures import\u00e9es, ce qui p\u00e8se sur ses marges.<\/p>\n<p style=\"text-align:left\">Porsche a annonc\u00e9 mi-septembre r\u00e9viser ses pr\u00e9visions de r\u00e9sultats \u00e0 la baisse, tablant d\u00e9sormais sur une marge allant jusqu&rsquo;\u00e0 2%, contre un taux se situant dans une fourchette de 5 \u00e0 7% auparavant, un niveau d\u00e9sormais inf\u00e9rieur \u00e0 celui de la marque grand public VW (2,9%).<\/p>\n<p style=\"text-align:right\"><b>AFP\/VNA\/CVN<\/b><\/p>\n","protected":false},"excerpt":{"rendered":"&#13; Allemagne : Oliver Blume quitte la t\u00eate de Porsche pour se concentrer sur VW&#13; Le fabricant de&hellip;\n","protected":false},"author":2,"featured_media":471581,"comment_status":"","ping_status":"","sticky":false,"template":"","format":"standard","meta":{"footnotes":""},"categories":[1587],"tags":[11,672,1804,1805,1803,1777,674,1801,12,59519,6027,1802,7816],"class_list":{"0":"post-471580","1":"post","2":"type-post","3":"status-publish","4":"format-standard","5":"has-post-thumbnail","7":"category-allemagne","8":"tag-actualites","9":"tag-allemagne","10":"tag-bundesrepublik-deutschland","11":"tag-de","12":"tag-deutschland","13":"tag-eu","14":"tag-europe","15":"tag-germany","16":"tag-news","17":"tag-oliver-blume","18":"tag-porsche","19":"tag-republique-federale-dallemagne","20":"tag-volkswagen"},"share_on_mastodon":{"url":"https:\/\/pubeurope.com\/@fr\/115393183380397366","error":""},"_links":{"self":[{"href":"https:\/\/www.europesays.com\/fr\/wp-json\/wp\/v2\/posts\/471580","targetHints":{"allow":["GET"]}}],"collection":[{"href":"https:\/\/www.europesays.com\/fr\/wp-json\/wp\/v2\/posts"}],"about":[{"href":"https:\/\/www.europesays.com\/fr\/wp-json\/wp\/v2\/types\/post"}],"author":[{"embeddable":true,"href":"https:\/\/www.europesays.com\/fr\/wp-json\/wp\/v2\/users\/2"}],"replies":[{"embeddable":true,"href":"https:\/\/www.europesays.com\/fr\/wp-json\/wp\/v2\/comments?post=471580"}],"version-history":[{"count":0,"href":"https:\/\/www.europesays.com\/fr\/wp-json\/wp\/v2\/posts\/471580\/revisions"}],"wp:featuredmedia":[{"embeddable":true,"href":"https:\/\/www.europesays.com\/fr\/wp-json\/wp\/v2\/media\/471581"}],"wp:attachment":[{"href":"https:\/\/www.europesays.com\/fr\/wp-json\/wp\/v2\/media?parent=471580"}],"wp:term":[{"taxonomy":"category","embeddable":true,"href":"https:\/\/www.europesays.com\/fr\/wp-json\/wp\/v2\/categories?post=471580"},{"taxonomy":"post_tag","embeddable":true,"href":"https:\/\/www.europesays.com\/fr\/wp-json\/wp\/v2\/tags?post=471580"}],"curies":[{"name":"wp","href":"https:\/\/api.w.org\/{rel}","templated":true}]}}