{"id":471590,"date":"2025-10-18T04:07:14","date_gmt":"2025-10-18T04:07:14","guid":{"rendered":"https:\/\/www.europesays.com\/fr\/471590\/"},"modified":"2025-10-18T04:07:14","modified_gmt":"2025-10-18T04:07:14","slug":"les-feminines-du-fc-monswiller-visent-le-quatrieme-tour","status":"publish","type":"post","link":"https:\/\/www.europesays.com\/fr\/471590\/","title":{"rendered":"les f\u00e9minines du FC Monswiller visent le quatri\u00e8me\u00a0tour"},"content":{"rendered":"<p><strong>En Coupe de France f\u00e9minine, <\/strong> cela fait bien longtemps qu\u2019une \u00e9quipe f\u00e9minine du secteur de Saverne n\u2019avait atteint un tel niveau dans la comp\u00e9tition. Apr\u00e8s avoir \u00e9cart\u00e9 Hunspach (14-0) au premier tour, puis Gries (5-0) au deuxi\u00e8me, <a href=\"https:\/\/www.dna.fr\/sport\/2025\/03\/18\/les-feminines-de-monswiller-gagnent-encore-face-a-ettendorf\" target=\"_blank\" rel=\"noopener\">les joueuses du FC Monswiller<\/a>, r\u00e9cemment oppos\u00e9es au FC Mulhouse lors d\u2019un choc de haut de tableau en R\u00e9gional 2, ont une belle opportunit\u00e9 \u00e0 saisir.<\/p>\n<p>Elles devront toutefois s\u2019imposer ce dimanche 19\u00a0octobre \u00e0 la Zornmatt face au SA \u00c9pinal, formation \u00e9voluant au m\u00eame niveau. \u00ab\u00a0Nous avons bien entam\u00e9 la saison et nous ferons tout pour poursuivre sur cette dynamique&#8230;<\/p>\n","protected":false},"excerpt":{"rendered":"En Coupe de France f\u00e9minine, cela fait bien longtemps qu\u2019une \u00e9quipe f\u00e9minine du secteur de Saverne n\u2019avait atteint&hellip;\n","protected":false},"author":2,"featured_media":471591,"comment_status":"","ping_status":"","sticky":false,"template":"","format":"standard","meta":{"footnotes":""},"categories":[4],"tags":[11,15922,5644,107,63,1011,27,12,25,45554,40770,517],"class_list":{"0":"post-471590","1":"post","2":"type-post","3":"status-publish","4":"format-standard","5":"has-post-thumbnail","7":"category-france","8":"tag-actualites","9":"tag-coupe-de-france-de-football","10":"tag-edition-saverne-sarre-union","11":"tag-fil-info","12":"tag-football","13":"tag-fr","14":"tag-france","15":"tag-news","16":"tag-republique-francaise","17":"tag-saverne","18":"tag-secteur-de-saverne","19":"tag-sport"},"share_on_mastodon":{"url":"https:\/\/pubeurope.com\/@fr\/115393203057735895","error":""},"_links":{"self":[{"href":"https:\/\/www.europesays.com\/fr\/wp-json\/wp\/v2\/posts\/471590","targetHints":{"allow":["GET"]}}],"collection":[{"href":"https:\/\/www.europesays.com\/fr\/wp-json\/wp\/v2\/posts"}],"about":[{"href":"https:\/\/www.europesays.com\/fr\/wp-json\/wp\/v2\/types\/post"}],"author":[{"embeddable":true,"href":"https:\/\/www.europesays.com\/fr\/wp-json\/wp\/v2\/users\/2"}],"replies":[{"embeddable":true,"href":"https:\/\/www.europesays.com\/fr\/wp-json\/wp\/v2\/comments?post=471590"}],"version-history":[{"count":0,"href":"https:\/\/www.europesays.com\/fr\/wp-json\/wp\/v2\/posts\/471590\/revisions"}],"wp:featuredmedia":[{"embeddable":true,"href":"https:\/\/www.europesays.com\/fr\/wp-json\/wp\/v2\/media\/471591"}],"wp:attachment":[{"href":"https:\/\/www.europesays.com\/fr\/wp-json\/wp\/v2\/media?parent=471590"}],"wp:term":[{"taxonomy":"category","embeddable":true,"href":"https:\/\/www.europesays.com\/fr\/wp-json\/wp\/v2\/categories?post=471590"},{"taxonomy":"post_tag","embeddable":true,"href":"https:\/\/www.europesays.com\/fr\/wp-json\/wp\/v2\/tags?post=471590"}],"curies":[{"name":"wp","href":"https:\/\/api.w.org\/{rel}","templated":true}]}}