{"id":471596,"date":"2025-10-18T04:11:12","date_gmt":"2025-10-18T04:11:12","guid":{"rendered":"https:\/\/www.europesays.com\/fr\/471596\/"},"modified":"2025-10-18T04:11:12","modified_gmt":"2025-10-18T04:11:12","slug":"le-titre-dalcaraz-a-lus-open-est-plus-improbable-que-celui-de-raducanu-estime-isner","status":"publish","type":"post","link":"https:\/\/www.europesays.com\/fr\/471596\/","title":{"rendered":"\u00ab Le titre d\u2019Alcaraz \u00e0 l\u2019US Open est plus improbable que celui de Raducanu \u00bb, estime Isner"},"content":{"rendered":"<p>                <img decoding=\"async\" src=\"https:\/\/www.europesays.com\/fr\/wp-content\/uploads\/2025\/10\/p5bU.jpg\" fetchpriority=\"high\" alt=\"\u00ab Le titre d\u2019Alcaraz \u00e0 l\u2019US Open est plus improbable que celui de Raducanu \u00bb, estime Isner\"\/><\/p>\n<p>John Isner a livr\u00e9 une analyse in\u00e9dite : selon lui, le parcours de Carlos Alcaraz \u00e0 l\u2019US Open 2025 surpasse l\u2019exploit d\u2019Emma Raducanu en 2021.<\/p>\n<p>D\u2019un c\u00f4t\u00e9, Emma Raducanu, h\u00e9ro\u00efne surprise de l\u2019US Open 2021, issue des qualifications et sacr\u00e9e sans perdre un seul set. De l\u2019autre, Carlos Alcaraz, \u00e9toile d\u00e9j\u00e0 bien install\u00e9e du circuit, qui a march\u00e9 sur l\u2019US Open 2025 en n\u2019abandonnant qu\u2019un seul set, en finale, face au num\u00e9ro un mondial Jannik Sinner.<\/p>\n<p><strong>Pour John Isner, ancien top 10 mondial, le choix est clair. Des propos tenus dans le podcast \u00ab Nothing Major \u00bb.<\/strong><\/p>\n<p>\u00ab Je trouve que c\u2019est plus impressionnant ce qu\u2019a fait Alcaraz. Ce sont deux titres comparables certes. Mais c\u2019est plus improbable ce qu\u2019a fait Alcaraz par rapport \u00e0 l&rsquo;adversit\u00e9 qu&rsquo;il a eu et la constance dont il a fait preuve. M\u00eame si l\u2019histoire de Raducanu \u00e9tait vraiment marquante, en termes de niveau pur, ce qu\u2019a fait Carlos est encore plus fou \u00bb, juge Isner.<\/p>\n","protected":false},"excerpt":{"rendered":"John Isner a livr\u00e9 une analyse in\u00e9dite : selon lui, le parcours de Carlos Alcaraz \u00e0 l\u2019US Open&hellip;\n","protected":false},"author":2,"featured_media":471597,"comment_status":"","ping_status":"","sticky":false,"template":"","format":"standard","meta":{"footnotes":""},"categories":[1415],"tags":[1011,27,60,1467],"class_list":{"0":"post-471596","1":"post","2":"type-post","3":"status-publish","4":"format-standard","5":"has-post-thumbnail","7":"category-tennis","8":"tag-fr","9":"tag-france","10":"tag-sports","11":"tag-tennis"},"share_on_mastodon":{"url":"https:\/\/pubeurope.com\/@fr\/115393219107145468","error":""},"_links":{"self":[{"href":"https:\/\/www.europesays.com\/fr\/wp-json\/wp\/v2\/posts\/471596","targetHints":{"allow":["GET"]}}],"collection":[{"href":"https:\/\/www.europesays.com\/fr\/wp-json\/wp\/v2\/posts"}],"about":[{"href":"https:\/\/www.europesays.com\/fr\/wp-json\/wp\/v2\/types\/post"}],"author":[{"embeddable":true,"href":"https:\/\/www.europesays.com\/fr\/wp-json\/wp\/v2\/users\/2"}],"replies":[{"embeddable":true,"href":"https:\/\/www.europesays.com\/fr\/wp-json\/wp\/v2\/comments?post=471596"}],"version-history":[{"count":0,"href":"https:\/\/www.europesays.com\/fr\/wp-json\/wp\/v2\/posts\/471596\/revisions"}],"wp:featuredmedia":[{"embeddable":true,"href":"https:\/\/www.europesays.com\/fr\/wp-json\/wp\/v2\/media\/471597"}],"wp:attachment":[{"href":"https:\/\/www.europesays.com\/fr\/wp-json\/wp\/v2\/media?parent=471596"}],"wp:term":[{"taxonomy":"category","embeddable":true,"href":"https:\/\/www.europesays.com\/fr\/wp-json\/wp\/v2\/categories?post=471596"},{"taxonomy":"post_tag","embeddable":true,"href":"https:\/\/www.europesays.com\/fr\/wp-json\/wp\/v2\/tags?post=471596"}],"curies":[{"name":"wp","href":"https:\/\/api.w.org\/{rel}","templated":true}]}}