{"id":471598,"date":"2025-10-18T04:13:12","date_gmt":"2025-10-18T04:13:12","guid":{"rendered":"https:\/\/www.europesays.com\/fr\/471598\/"},"modified":"2025-10-18T04:13:12","modified_gmt":"2025-10-18T04:13:12","slug":"ce-nest-pas-amusant-de-courir-derriere","status":"publish","type":"post","link":"https:\/\/www.europesays.com\/fr\/471598\/","title":{"rendered":"Ce n&rsquo;est pas amusant de courir derri\u00e8re"},"content":{"rendered":"<p>Brad Binder vit une saison 2025 difficile avec KTM. \u00c0 quatre courses de la fin du championnat, le Sud-Africain pointe \u00e0 la 11e place avec 118 points, sans avoir d\u00e9croch\u00e9 de podium. En comparaison, son co\u00e9quipier Pedro Acosta a d\u00e9j\u00e0 sign\u00e9 trois top 3 en course, ce qui accentue encore plus la frustration de Brad Binder. Le pilote KTM avait termin\u00e9 la saison derni\u00e8re \u00e0 la 5e position du championnat avec 217 points.<\/p>\n<p><b>Des probl\u00e8mes techniques persistants<\/b><\/p>\n<p>Le pilote sud-africain admet que cette saison n\u2019a pas \u00e9t\u00e9 simple. \u201cCes derniers temps, \u00e7a n&rsquo;a pas \u00e9t\u00e9 amusant de courir derri\u00e8re, et il est \u00e9vident que \u00e7a n&rsquo;est pas l\u00e0 que je voudrais \u00eatre, mais c&rsquo;est comme \u00e7a. La r\u00e9alit\u00e9, c&rsquo;est que c&rsquo;est la vitesse que l&rsquo;on a en ce moment et le rythme que l&rsquo;on a. On doit juste s&rsquo;efforcer d&rsquo;\u00eatre meilleurs et aller de l&rsquo;avant.\u201d, explique-t-il, via des propos relay\u00e9s par <a href=\"https:\/\/fr.motorsport.com\/motogp\/news\/brad-binder-confie-saison-difficile-2025\/10766690\/\" rel=\"nofollow noopener\" target=\"_blank\">motorsport.com<\/a>. Le principal probl\u00e8me provient de la moto, notamment un manque d\u2019adh\u00e9rence \u00e0 l\u2019avant et des vibrations \u00e0 l\u2019arri\u00e8re, qui affectent le rythme en course. L\u2019\u00e9quipe travaille activement \u00e0 am\u00e9liorer le ch\u00e2ssis pour corriger ces d\u00e9fauts.<\/p>\n<p>Malgr\u00e9 tout, Binder a montr\u00e9 des signes encourageants lors du Grand Prix d\u2019Indon\u00e9sie, o\u00f9 il est remont\u00e9 de la 15e \u00e0 la 4e place, se rapprochant du podium. Ce r\u00e9sultat pourrait marquer un tournant pour le pilote et l\u2019\u00e9quipe, qui cherchent \u00e0 finir la saison sur une meilleure note.\u00a0<\/p>\n<p>    Partagez cette info avec vos amis et vos proches en cliquant ici  <\/p>\n<p> Podcasts \u00e0 la une MEN LIFE <\/p>\n<p>    Pour r\u00e9sumer<\/p>\n<p>Apr\u00e8s une saison compliqu\u00e9e, Brad Binder s&rsquo;est confi\u00e9 sur les difficult\u00e9s rencontr\u00e9es avec la moto. Malgr\u00e9 une belle remont\u00e9e durant le Grand Prix d&rsquo;Indon\u00e9sie, cela n&#8217;emp\u00eache pas sa d\u00e9ception en vue de ses r\u00e9sultats tout au long de la saison.<\/p>\n<p>R\u00e9dacteur<\/p>\n<p><img decoding=\"async\" width=\"76\" height=\"76\" loading=\"lazy\" src=\"https:\/\/www.europesays.com\/fr\/wp-content\/uploads\/2025\/04\/avatar-sport-am.png\" alt=\"Cylia Espiau\"\/><\/p>\n","protected":false},"excerpt":{"rendered":"Brad Binder vit une saison 2025 difficile avec KTM. \u00c0 quatre courses de la fin du championnat, le&hellip;\n","protected":false},"author":2,"featured_media":471599,"comment_status":"","ping_status":"","sticky":false,"template":"","format":"standard","meta":{"footnotes":""},"categories":[1413],"tags":[1011,27,1457,6033,1456,60],"class_list":{"0":"post-471598","1":"post","2":"type-post","3":"status-publish","4":"format-standard","5":"has-post-thumbnail","7":"category-moto","8":"tag-fr","9":"tag-france","10":"tag-moto","11":"tag-moto-gp","12":"tag-motocycle","13":"tag-sports"},"share_on_mastodon":{"url":"https:\/\/pubeurope.com\/@fr\/115393227147964823","error":""},"_links":{"self":[{"href":"https:\/\/www.europesays.com\/fr\/wp-json\/wp\/v2\/posts\/471598","targetHints":{"allow":["GET"]}}],"collection":[{"href":"https:\/\/www.europesays.com\/fr\/wp-json\/wp\/v2\/posts"}],"about":[{"href":"https:\/\/www.europesays.com\/fr\/wp-json\/wp\/v2\/types\/post"}],"author":[{"embeddable":true,"href":"https:\/\/www.europesays.com\/fr\/wp-json\/wp\/v2\/users\/2"}],"replies":[{"embeddable":true,"href":"https:\/\/www.europesays.com\/fr\/wp-json\/wp\/v2\/comments?post=471598"}],"version-history":[{"count":0,"href":"https:\/\/www.europesays.com\/fr\/wp-json\/wp\/v2\/posts\/471598\/revisions"}],"wp:featuredmedia":[{"embeddable":true,"href":"https:\/\/www.europesays.com\/fr\/wp-json\/wp\/v2\/media\/471599"}],"wp:attachment":[{"href":"https:\/\/www.europesays.com\/fr\/wp-json\/wp\/v2\/media?parent=471598"}],"wp:term":[{"taxonomy":"category","embeddable":true,"href":"https:\/\/www.europesays.com\/fr\/wp-json\/wp\/v2\/categories?post=471598"},{"taxonomy":"post_tag","embeddable":true,"href":"https:\/\/www.europesays.com\/fr\/wp-json\/wp\/v2\/tags?post=471598"}],"curies":[{"name":"wp","href":"https:\/\/api.w.org\/{rel}","templated":true}]}}