{"id":471600,"date":"2025-10-18T04:14:12","date_gmt":"2025-10-18T04:14:12","guid":{"rendered":"https:\/\/www.europesays.com\/fr\/471600\/"},"modified":"2025-10-18T04:14:12","modified_gmt":"2025-10-18T04:14:12","slug":"charles-leclerc-rares-confessions-sur-son-couple","status":"publish","type":"post","link":"https:\/\/www.europesays.com\/fr\/471600\/","title":{"rendered":"Charles Leclerc, rares confessions sur son couple"},"content":{"rendered":"<p><strong>D\u2019habitude discret sur sa vie<br \/>\npriv\u00e9e, le pilote mon\u00e9gasque de Formule 1, Charles Leclerc, s\u2019est<br \/>\nexprim\u00e9 sur son couple avec Alexandra Saint Mleux.<\/strong><\/p>\n<p>Arriv\u00e9 en <strong><a href=\"https:\/\/www.sports.fr\/auto-moto\/f1\" target=\"_blank\" rel=\"noopener\">Formule 1<\/a><\/strong> en2018,<br \/>\npassant de l\u2019\u00e9curie Sauber \u00e0 Ferrari au bout d\u2019une saison, Charles<br \/>\nLeclerc est toujours en qu\u00eate de son premier titre mondial. En<br \/>\nrevanche, sur le plan de sa vie sentimentale, le Mon\u00e9gasque a<br \/>\nretrouv\u00e9 l\u2019amour apr\u00e8s sa s\u00e9paration avec Charlotte Sin\u00e9.<\/p>\n<p>Depuis 2023, le pilote de 28 ans est en couple avec Alexandra<br \/>\nSaint Mleux, une cr\u00e9atrice de contenus de 23 ans. N\u00e9e en Italie,<br \/>\nelle a aussi grandi en Principaut\u00e9 et a \u00e9tudi\u00e9 l\u2019histoire de l\u2019art<br \/>\n\u00e0 l\u2019\u00c9cole du Louvre. L\u2019art, une passion qu\u2019elle partage avec son<br \/>\ncompagnon.<\/p>\n<blockquote class=\"twitter-tweet\"><p><a class=\"twitter-link\" rel=\"noindex, nofollow noopener\" href=\"https:\/\/twitter.com\/sports_fr\/status\/1978068410387890427\" target=\"_blank\"><\/p><\/blockquote>\n<p>\u00ab Quand on s\u2019est rencontr\u00e9s, Alexandra m\u2019a pouss\u00e9 \u00e0<br \/>\nm\u2019int\u00e9resser \u00e0 la vie des auteurs, \u00e0 leurs inspirations. Sur cet<br \/>\naspect-l\u00e0, elle m\u2019a beaucoup apport\u00e9 \u00bb, a-t-il confess\u00e9, lui<br \/>\nqui s\u2019exprime que tr\u00e8s rarement sur son couple.<\/p>\n<p>Leclerc: \u00ab\u00a0La meilleure d\u00e9cision qu\u2019Alexandra et moi avons<br \/>\nprise\u00a0\u00bb<\/p>\n<p>Depuis avril 2024, Charles Leclerc et Alexandra Saint Mleux ont<br \/>\nd\u00e9cid\u00e9 d\u2019adopter un teckel beige, pr\u00e9nomm\u00e9 L\u00e9o. Le pilote de<br \/>\nFerrari se balade d\u2019ailleurs r\u00e9guli\u00e8rement avec son animal sur le<br \/>\npaddock en marge de prendre le volant.<\/p>\n<p>Un nouveau venu dans la famille qui apporte \u00ab que du<br \/>\nbonheur \u00bb au couple. \u00ab Prendre un chien a \u00e9t\u00e9 la meilleure<br \/>\nd\u00e9cision qu\u2019Alexandra et moi avons prise, a-t-il reconnu.<br \/>\nIl nous am\u00e8ne \u00e9norm\u00e9ment d\u2019amour. Les moments pass\u00e9s avec lui<br \/>\nsont tout simples mais ils comptent beaucoup pour moi. Ils font<br \/>\npartie de cette simplicit\u00e9 \u00e0 laquelle j\u2019aspire\u2026 \u00bb<\/p>\n<p><script async src=\"https:\/\/platform.twitter.com\/widgets.js\" charset=\"utf-8\"><\/script><\/p>\n","protected":false},"excerpt":{"rendered":"D\u2019habitude discret sur sa vie priv\u00e9e, le pilote mon\u00e9gasque de Formule 1, Charles Leclerc, s\u2019est exprim\u00e9 sur son&hellip;\n","protected":false},"author":2,"featured_media":471601,"comment_status":"","ping_status":"","sticky":false,"template":"","format":"standard","meta":{"footnotes":""},"categories":[1412],"tags":[1451,1452,1453,1454,1455,1011,27,60],"class_list":{"0":"post-471600","1":"post","2":"type-post","3":"status-publish","4":"format-standard","5":"has-post-thumbnail","7":"category-f1","8":"tag-f1","9":"tag-formula-1","10":"tag-formula1","11":"tag-formule-1","12":"tag-formule1","13":"tag-fr","14":"tag-france","15":"tag-sports"},"share_on_mastodon":{"url":"https:\/\/pubeurope.com\/@fr\/115393230521365539","error":""},"_links":{"self":[{"href":"https:\/\/www.europesays.com\/fr\/wp-json\/wp\/v2\/posts\/471600","targetHints":{"allow":["GET"]}}],"collection":[{"href":"https:\/\/www.europesays.com\/fr\/wp-json\/wp\/v2\/posts"}],"about":[{"href":"https:\/\/www.europesays.com\/fr\/wp-json\/wp\/v2\/types\/post"}],"author":[{"embeddable":true,"href":"https:\/\/www.europesays.com\/fr\/wp-json\/wp\/v2\/users\/2"}],"replies":[{"embeddable":true,"href":"https:\/\/www.europesays.com\/fr\/wp-json\/wp\/v2\/comments?post=471600"}],"version-history":[{"count":0,"href":"https:\/\/www.europesays.com\/fr\/wp-json\/wp\/v2\/posts\/471600\/revisions"}],"wp:featuredmedia":[{"embeddable":true,"href":"https:\/\/www.europesays.com\/fr\/wp-json\/wp\/v2\/media\/471601"}],"wp:attachment":[{"href":"https:\/\/www.europesays.com\/fr\/wp-json\/wp\/v2\/media?parent=471600"}],"wp:term":[{"taxonomy":"category","embeddable":true,"href":"https:\/\/www.europesays.com\/fr\/wp-json\/wp\/v2\/categories?post=471600"},{"taxonomy":"post_tag","embeddable":true,"href":"https:\/\/www.europesays.com\/fr\/wp-json\/wp\/v2\/tags?post=471600"}],"curies":[{"name":"wp","href":"https:\/\/api.w.org\/{rel}","templated":true}]}}