{"id":471604,"date":"2025-10-18T04:16:11","date_gmt":"2025-10-18T04:16:11","guid":{"rendered":"https:\/\/www.europesays.com\/fr\/471604\/"},"modified":"2025-10-18T04:16:11","modified_gmt":"2025-10-18T04:16:11","slug":"creteil-soffre-goal-dans-un-match-fou-a-neuf-buts","status":"publish","type":"post","link":"https:\/\/www.europesays.com\/fr\/471604\/","title":{"rendered":"Cr\u00e9teil s\u2019offre GOAL dans un match fou \u00e0 neuf buts"},"content":{"rendered":"<p>Zapping Foot National Les Petits Princes du Rocher, immersion dans le Groupe \u00c9lite de l\u2019AS Monaco !<\/p>\n<p>Quel spectacle ! Ce vendredi soir, Cr\u00e9teil recevait effectivement le GOAL FC dans le cadre du choc d\u2019ouverture de la huiti\u00e8me journ\u00e9e du Groupe C de National 2 de la saison. Une rencontre qui a vu le club francilien s\u2019imposer sur le score de\u2026 cinq buts \u00e0 quatre au terme d\u2019une confrontation qui a vu les deux formations terminer \u00e0 dix.<\/p>\n<p>Un match totalement fou<\/p>\n<p>Le GOAL FC va ouvrir le score d\u00e8s la dixi\u00e8me minute de jeu, quelques secondes avant que l\u2019USCL ne renverse la vapeur par Ben Fredj (14e) et Magnora (19e). Aux alentours de la demi-heure de jeu, les Lyonnais vont revenir \u00e0 hauteur, avant de prendre l\u2019avantage \u00e0 leur tour. Juste avant la mi-temps, Elogo remet Cr\u00e9teil \u00e0 hauteur. Trois buts partout \u00e0 la mi-temps donc.\u00a0<\/p>\n<p>D\u00e8s le retour des vestiaires, Montiel redonne l\u2019avantage aux franciliens. \u00c0 la 67\u00e8me minute de jeu, le GOAL FC revient \u00e0 hauteur sur penalty, quelques instants avant qu\u2019un carton rouge ne soit sorti \u00e0 son encontre. Deux minutes plus tard, au tour de Belkouche de voir rouge pour les B\u00e9liers. En fin de match, Cr\u00e9teil ne d\u00e9mord pas et va reprendre l\u2019avantage \u00e0 cinq minutes du terme par Ferhaoui. Un avantage d\u00e9finitif. L\u2019US Cr\u00e9teil-Lusitanos s\u2019impose sur le score fou de cinq buts \u00e0 quatre et quitte, provisoirement, sa place de lanterne rouge. Le GOAL FC manque l\u2019occasion de revenir \u00e0 hauteur de la premi\u00e8re place.\u00a0<\/p>\n<p>Partagez cette info avec vos amis et vos proches en cliquant ici<br \/>Pour r\u00e9sumer<\/p>\n<p>Quel spectacle ! Ce vendredi soir, Cr\u00e9teil recevait effectivement le GOAL FC dans le cadre du choc d\u2019ouverture de la huiti\u00e8me journ\u00e9e du Groupe C de National 2 de la saison. Une rencontre qui a vu le club francilien s\u2019imposer sur le score de\u2026 cinq buts \u00e0 quatre au terme d\u2019une confrontation qui a vu les deux formations terminer \u00e0 dix.<\/p>\n<p> <img decoding=\"async\" width=\"76\" height=\"76\" loading=\"lazy\" src=\"https:\/\/static.wui.fr\/images_v3\/avatar-footnational.png\" alt=\"Youcef Ghalaza-Boudra\"\/><\/p>\n","protected":false},"excerpt":{"rendered":"Zapping Foot National Les Petits Princes du Rocher, immersion dans le Groupe \u00c9lite de l\u2019AS Monaco ! Quel&hellip;\n","protected":false},"author":2,"featured_media":471605,"comment_status":"","ping_status":"","sticky":false,"template":"","format":"standard","meta":{"footnotes":""},"categories":[1410],"tags":[63,1011,27,59520,60],"class_list":{"0":"post-471604","1":"post","2":"type-post","3":"status-publish","4":"format-standard","5":"has-post-thumbnail","7":"category-football","8":"tag-football","9":"tag-fr","10":"tag-france","11":"tag-national-2-actus","12":"tag-sports"},"share_on_mastodon":{"url":"https:\/\/pubeurope.com\/@fr\/115393238430857350","error":""},"_links":{"self":[{"href":"https:\/\/www.europesays.com\/fr\/wp-json\/wp\/v2\/posts\/471604","targetHints":{"allow":["GET"]}}],"collection":[{"href":"https:\/\/www.europesays.com\/fr\/wp-json\/wp\/v2\/posts"}],"about":[{"href":"https:\/\/www.europesays.com\/fr\/wp-json\/wp\/v2\/types\/post"}],"author":[{"embeddable":true,"href":"https:\/\/www.europesays.com\/fr\/wp-json\/wp\/v2\/users\/2"}],"replies":[{"embeddable":true,"href":"https:\/\/www.europesays.com\/fr\/wp-json\/wp\/v2\/comments?post=471604"}],"version-history":[{"count":0,"href":"https:\/\/www.europesays.com\/fr\/wp-json\/wp\/v2\/posts\/471604\/revisions"}],"wp:featuredmedia":[{"embeddable":true,"href":"https:\/\/www.europesays.com\/fr\/wp-json\/wp\/v2\/media\/471605"}],"wp:attachment":[{"href":"https:\/\/www.europesays.com\/fr\/wp-json\/wp\/v2\/media?parent=471604"}],"wp:term":[{"taxonomy":"category","embeddable":true,"href":"https:\/\/www.europesays.com\/fr\/wp-json\/wp\/v2\/categories?post=471604"},{"taxonomy":"post_tag","embeddable":true,"href":"https:\/\/www.europesays.com\/fr\/wp-json\/wp\/v2\/tags?post=471604"}],"curies":[{"name":"wp","href":"https:\/\/api.w.org\/{rel}","templated":true}]}}