{"id":471610,"date":"2025-10-18T04:19:17","date_gmt":"2025-10-18T04:19:17","guid":{"rendered":"https:\/\/www.europesays.com\/fr\/471610\/"},"modified":"2025-10-18T04:19:17","modified_gmt":"2025-10-18T04:19:17","slug":"haguenau-lassociation-victimes-inceste-alsace-organise-son-premier-salon-du-livre","status":"publish","type":"post","link":"https:\/\/www.europesays.com\/fr\/471610\/","title":{"rendered":"Haguenau. L\u2019association Victimes inceste Alsace organise son premier salon du livre"},"content":{"rendered":"<p>Le chemin pour publier un r\u00e9cit, un roman ou un t\u00e9moignage est long et sem\u00e9 d\u2019emb\u00fbches. C\u2019est en partant de ce constat que <a href=\"https:\/\/www.dna.fr\/culture-loisirs\/2021\/10\/10\/une-association-pour-briser-le-silence-sur-l-inceste\" target=\"_blank\" rel=\"noopener\">l\u2019association Victimes inceste Alsace<\/a> , dont le si\u00e8ge est situ\u00e9 \u00e0 Schirrhoffen, a souhait\u00e9 organiser un salon du livre, avec un focus sur l\u2019auto\u00e9dition et les auteurs ind\u00e9pendants.<\/p>\n<p>L\u2019\u00e9v\u00e9nement se tiendra samedi\u00a01er et dimanche 2\u00a0novembre \u00e0 Haguenau, dans la salle de l\u2019Ancienne Douane. Une quarantaine d\u2019exposants, \u00ab\u00a0qui viennent d\u2019un peu partout\u00a0\u00bb, sont attendus, explique Nina Deseigne, la pr\u00e9sidente de l\u2019association. Ils repr\u00e9senteront aussi diff\u00e9rents styles et genres litt\u00e9raires\u00a0: romans, polars, fantasy, contes, autobiographies et m\u00eame de la po\u00e9sie. Des rencontres et d\u00e9dicaces sont pr\u00e9vues tout au long du week-end.<\/p>\n<p>  Des conf\u00e9rences et des animations<\/p>\n<p>Le visiteur pourra aussi assister \u00e0 trois conf\u00e9rences le samedi apr\u00e8s-midi\u00a0: la premi\u00e8re, \u00e0 14\u00a0h, abordera la question du harc\u00e8lement scolaire \u00e0 travers le t\u00e9moignage d\u2019Alexandra Semba et sa fille Lenda, qui en ont tir\u00e9 un livre, Comme si de rien. \u00c0 15\u00a0h\u00a030, <a href=\"https:\/\/www.ledauphine.com\/culture-loisirs\/2025\/05\/29\/stephanie-le-moal-met-en-mots-l-abus-dont-elle-a-ete-victime\" target=\"_blank\" rel=\"noopener\">St\u00e9phanie Le Moal, une habitante de Haute-Savoie<\/a> , \u00e9voquera les violences sexuelles qu\u2019elle a subies dans l\u2019adolescence et son livre L\u2019Abus , o\u00f9 elle \u00e9voque sa reconstruction. Enfin \u00e0 17\u00a0h, Claire Guillon-Delmas, autrice d\u2019 Une femme qui va bien , t\u00e9moignera de la lib\u00e9ration de la parole. Ces trois conf\u00e9rences seront propos\u00e9es dans l\u2019Espace 3e \u00e2ge, place Ernest-Strasser \u00e0 Haguenau.<\/p>\n<p>Ce contenu est bloqu\u00e9 car vous n&rsquo;avez pas accept\u00e9 les cookies et autres traceurs.<\/p>\n<p>En cliquant sur \u00ab J\u2019accepte \u00bb, les cookies et autres traceurs seront d\u00e9pos\u00e9s et vous pourrez visualiser les contenus  (<a href=\"\" class=\"consentModule_policy\" target=\"_blank\" title=\"Consulter la politique de protection des donn\u00e9es du fournisseur\">plus d&rsquo;informations<\/a>).<\/p>\n<p>En cliquant sur \u00ab J\u2019accepte tous les cookies \u00bb, vous autorisez des d\u00e9p\u00f4ts de cookies et autres traceurs pour le stockage de vos donn\u00e9es sur nos sites et applications \u00e0 des fins de personnalisation et de ciblage publicitaire.<\/p>\n<p class=\"consentModule_secondaryText\">Vous gardez la possibilit\u00e9 de retirer votre consentement \u00e0 tout moment en consultant notre <a href=\"https:\/\/www.dna.fr\/protection-des-donnees\" target=\"_blank\" title=\"Consulter notre politique de protection des donn\u00e9es\" rel=\"noopener\">politique de protection des donn\u00e9es<\/a>. <br \/>&#13;<br \/>\n            <a href=\"https:\/\/www.dna.fr\/culture-loisirs\/2025\/10\/18\/javascript:Didomi.notice.show()\" class=\"consentModule_cmp\" target=\"_blank\" rel=\"noopener\">G\u00e9rer mes choix<\/a>&#13;\n        <\/p>\n<p>&#13;<br \/>\n                        J&rsquo;accepte&#13;<br \/>\n            J&rsquo;accepte tous les cookies&#13;\n        <\/p>\n<p>L\u2019association a pr\u00e9vu \u00e9galement des animations pour petits et grands\u00a0: une lecture de contes, des ateliers d\u2019\u00e9criture et de po\u00e9sie, et m\u00eame un d\u00e9fil\u00e9 de pin-up sont au programme.<\/p>\n<p>  T\u00e9moignages de victimes de violence sexuelle<\/p>\n<p>Le collectif, cr\u00e9\u00e9 en avril\u00a02021, s\u2019est lui-m\u00eame engag\u00e9 sur le terrain de l\u2019auto\u00e9dition en publiant en ao\u00fbt dernier <a href=\"https:\/\/www.dna.fr\/culture-loisirs\/2024\/05\/15\/l-association-victimes-inceste-alsace-edite-un-livre-de-temoignages-pour-briser-ce-tabou\" target=\"_blank\" rel=\"noopener\">We Too , un ouvrage rassemblant neuf t\u00e9moignages de victimes d\u2019inceste<\/a>. Ces r\u00e9cits \u00ab\u00a0permettent \u00e0 d\u2019autres personnes concern\u00e9es de s\u2019identifier et de constater certaines similitudes dans les parcours, de voir des points communs\u00a0\u00bb, ajoute Nina Deseigne. Plus de 400 exemplaires de cet ouvrage ont d\u00e9j\u00e0 \u00e9t\u00e9 vendus (il est d\u2019ailleurs toujours possible de se le procurer aupr\u00e8s de l\u2019association, et il sera disponible les 1er et 2\u00a0novembre).<\/p>\n<p class=\"note\">Samedi 1er\u00a0novembre de 9\u00a0h\u00a030 \u00e0 18\u00a0h, dimanche 2\u00a0novembre de 10\u00a0h \u00e0 17\u00a0h, salle de l\u2019Ancienne Douane \u00e0 Haguenau. Entr\u00e9e gratuite. Boissons et snacking sur place. Programme complet sur la page Facebook de l\u2019association Victimes inceste Alsace. Contact et informations\u00a0: 07\u00a088\u00a010\u00a039\u00a087\/salondulivrehaguenau@gmail.com<\/p>\n","protected":false},"excerpt":{"rendered":"Le chemin pour publier un r\u00e9cit, un roman ou un t\u00e9moignage est long et sem\u00e9 d\u2019emb\u00fbches. C\u2019est en&hellip;\n","protected":false},"author":2,"featured_media":471611,"comment_status":"","ping_status":"","sticky":false,"template":"","format":"standard","meta":{"footnotes":""},"categories":[1357],"tags":[1379,1687,58,4877,59,107,1685,1011,27,11642,1380,2410,11643],"class_list":{"0":"post-471610","1":"post","2":"type-post","3":"status-publish","4":"format-standard","5":"has-post-thumbnail","7":"category-livres","8":"tag-books","9":"tag-culture-loisirs","10":"tag-divertissement","11":"tag-edition-haguenau-wissembourg","12":"tag-entertainment","13":"tag-fil-info","14":"tag-foire-et-salon","15":"tag-fr","16":"tag-france","17":"tag-haguenau","18":"tag-livres","19":"tag-livres-bd","20":"tag-secteur-de-haguenau"},"share_on_mastodon":{"url":"https:\/\/pubeurope.com\/@fr\/115393250258558628","error":""},"_links":{"self":[{"href":"https:\/\/www.europesays.com\/fr\/wp-json\/wp\/v2\/posts\/471610","targetHints":{"allow":["GET"]}}],"collection":[{"href":"https:\/\/www.europesays.com\/fr\/wp-json\/wp\/v2\/posts"}],"about":[{"href":"https:\/\/www.europesays.com\/fr\/wp-json\/wp\/v2\/types\/post"}],"author":[{"embeddable":true,"href":"https:\/\/www.europesays.com\/fr\/wp-json\/wp\/v2\/users\/2"}],"replies":[{"embeddable":true,"href":"https:\/\/www.europesays.com\/fr\/wp-json\/wp\/v2\/comments?post=471610"}],"version-history":[{"count":0,"href":"https:\/\/www.europesays.com\/fr\/wp-json\/wp\/v2\/posts\/471610\/revisions"}],"wp:featuredmedia":[{"embeddable":true,"href":"https:\/\/www.europesays.com\/fr\/wp-json\/wp\/v2\/media\/471611"}],"wp:attachment":[{"href":"https:\/\/www.europesays.com\/fr\/wp-json\/wp\/v2\/media?parent=471610"}],"wp:term":[{"taxonomy":"category","embeddable":true,"href":"https:\/\/www.europesays.com\/fr\/wp-json\/wp\/v2\/categories?post=471610"},{"taxonomy":"post_tag","embeddable":true,"href":"https:\/\/www.europesays.com\/fr\/wp-json\/wp\/v2\/tags?post=471610"}],"curies":[{"name":"wp","href":"https:\/\/api.w.org\/{rel}","templated":true}]}}