{"id":471612,"date":"2025-10-18T04:20:13","date_gmt":"2025-10-18T04:20:13","guid":{"rendered":"https:\/\/www.europesays.com\/fr\/471612\/"},"modified":"2025-10-18T04:20:13","modified_gmt":"2025-10-18T04:20:13","slug":"alexandre-astier-nous-devoile-les-secrets-de-la-suite-de-kaamelott","status":"publish","type":"post","link":"https:\/\/www.europesays.com\/fr\/471612\/","title":{"rendered":"Alexandre Astier nous d\u00e9voile les secrets de la suite de Kaamelott"},"content":{"rendered":"<p>Le film n\u2019\u00e9tait pas finalis\u00e9 \u00e0 une semaine de sa sortie dans les salles de cin\u00e9ma. Ne le sera-t-il qu\u2019\u00e0 quelques heures des premi\u00e8res projections au public\u00a0? \u00ab\u00a0C\u2019est possible\u00a0\u00bb, sourit <a href=\"https:\/\/www.ledauphine.com\/p\/alexandre-astier\" target=\"_blank\" rel=\"noopener\">Alexandre Astier<\/a>, d\u00e9contract\u00e9, v\u00eatu d\u2019un simple jean et d\u2019un sweat \u00e0 capuche, ce mercredi 14\u00a0octobre.<\/p>\n<p>Le cin\u00e9aste se confie <a href=\"https:\/\/www.ledauphine.com\/culture-loisirs\/2025\/10\/15\/nous-avons-vu-le-nouveau-film-kaamelott-pas-encore-fini-a-une-semaine-de-sa-sortie\" target=\"_blank\" rel=\"noopener\">sur la suite de <\/a><a href=\"https:\/\/www.ledauphine.com\/culture-loisirs\/2025\/10\/15\/nous-avons-vu-le-nouveau-film-kaamelott-pas-encore-fini-a-une-semaine-de-sa-sortie\" target=\"_blank\" rel=\"noopener\">Kaamelott<\/a> , tr\u00e8s attendue par les nombreux fans, aux c\u00f4t\u00e9s d\u2019une partie de la bande historique, Anne Girouard (Gueni\u00e8vre) et Jean-Christophe Hembert (Karadoc), mais aussi d\u2019une nouvelle venue, Virginie Ledoyen. Alors que la premi\u00e8re partie de ce deuxi\u00e8me volet, tourn\u00e9e en partie en Auvergne-Rh\u00f4ne-Alpes (notamment en Ard\u00e8che, Dr\u00f4me et Is\u00e8re) est \u00e0 l\u2019affiche le 22\u00a0octobre, nous avons essay\u00e9 de percer quelques secrets&#8230;<\/p>\n","protected":false},"excerpt":{"rendered":"Le film n\u2019\u00e9tait pas finalis\u00e9 \u00e0 une semaine de sa sortie dans les salles de cin\u00e9ma. Ne le&hellip;\n","protected":false},"author":2,"featured_media":471613,"comment_status":"","ping_status":"","sticky":false,"template":"","format":"standard","meta":{"footnotes":""},"categories":[1356],"tags":[4646,650,1687,58,2730,3827,4645,115,112,113,116,6436,2737,2735,111,114,59,107,1011,27,329,108,6225,252,1364],"class_list":{"0":"post-471612","1":"post","2":"type-post","3":"status-publish","4":"format-standard","5":"has-post-thumbnail","7":"category-television","8":"tag-ardeche","9":"tag-cinema","10":"tag-culture-loisirs","11":"tag-divertissement","12":"tag-drome","13":"tag-edition-annonay-nord-ardeche","14":"tag-edition-aubenas-privas-vallee-du-rhone","15":"tag-edition-bourgoin-jallieu-nord-dauphine","16":"tag-edition-grenoble-agglomeration","17":"tag-edition-gresivaudan-oisans","18":"tag-edition-la-tour-du-pin-nord-dauphine","19":"tag-edition-montelimar-drome-provencale","20":"tag-edition-romans-nord-drome","21":"tag-edition-valence-rhone-crussol-vallee-de-la-drome","22":"tag-edition-vienne-roussillon","23":"tag-edition-voiron-saint-marcellin","24":"tag-entertainment","25":"tag-fil-info","26":"tag-fr","27":"tag-france","28":"tag-france-monde","29":"tag-isere","30":"tag-la-matinale","31":"tag-television","32":"tag-tv"},"share_on_mastodon":{"url":"","error":"Validation failed: Text character limit of 500 exceeded"},"_links":{"self":[{"href":"https:\/\/www.europesays.com\/fr\/wp-json\/wp\/v2\/posts\/471612","targetHints":{"allow":["GET"]}}],"collection":[{"href":"https:\/\/www.europesays.com\/fr\/wp-json\/wp\/v2\/posts"}],"about":[{"href":"https:\/\/www.europesays.com\/fr\/wp-json\/wp\/v2\/types\/post"}],"author":[{"embeddable":true,"href":"https:\/\/www.europesays.com\/fr\/wp-json\/wp\/v2\/users\/2"}],"replies":[{"embeddable":true,"href":"https:\/\/www.europesays.com\/fr\/wp-json\/wp\/v2\/comments?post=471612"}],"version-history":[{"count":0,"href":"https:\/\/www.europesays.com\/fr\/wp-json\/wp\/v2\/posts\/471612\/revisions"}],"wp:featuredmedia":[{"embeddable":true,"href":"https:\/\/www.europesays.com\/fr\/wp-json\/wp\/v2\/media\/471613"}],"wp:attachment":[{"href":"https:\/\/www.europesays.com\/fr\/wp-json\/wp\/v2\/media?parent=471612"}],"wp:term":[{"taxonomy":"category","embeddable":true,"href":"https:\/\/www.europesays.com\/fr\/wp-json\/wp\/v2\/categories?post=471612"},{"taxonomy":"post_tag","embeddable":true,"href":"https:\/\/www.europesays.com\/fr\/wp-json\/wp\/v2\/tags?post=471612"}],"curies":[{"name":"wp","href":"https:\/\/api.w.org\/{rel}","templated":true}]}}