{"id":471614,"date":"2025-10-18T04:21:19","date_gmt":"2025-10-18T04:21:19","guid":{"rendered":"https:\/\/www.europesays.com\/fr\/471614\/"},"modified":"2025-10-18T04:21:19","modified_gmt":"2025-10-18T04:21:19","slug":"vanessa-paradis-revient-avec-le-retour-des-beaux-jours-lenvie-de-faire-un-disque-ca-ne-part-jamais","status":"publish","type":"post","link":"https:\/\/www.europesays.com\/fr\/471614\/","title":{"rendered":"Vanessa Paradis revient avec \u00ab\u00a0Le retour des beaux jours\u00a0\u00bb : \u00ab\u00a0L&rsquo;envie de faire un disque, \u00e7a ne part jamais\u00a0\u00bb"},"content":{"rendered":"<p>Vanessa Paradis est de retour et ram\u00e8ne les beaux jours avec elle dans un nouvel album enregistr\u00e9 \u00e0 Abbey Road avec la complicit\u00e9 d&rsquo;Etienne Daho. L&rsquo;amour, le rap, la nature\u00a0: Vanessa Paradis nous plonge dans son univers. Elle est l&rsquo;invit\u00e9e d&rsquo;Emilie Mazoyer dans D\u00e9cibels. <\/p>\n<p>Avec \u00ab\u00a0Le retour des beaux jours\u00a0\u00bb, <strong>Vanessa Paradis<\/strong> nous offre un album aux sonorit\u00e9s afro-am\u00e9ricaines des ann\u00e9es 1960\/70, r\u00e9alis\u00e9 avec Etienne Daho et enregistr\u00e9 avec un orchestre de 27 musiciens, dans le mythique studio 2 de Abbey Road, celui des Beatles\u00a0!<\/p>\n<p><a href=\"https:\/\/www.youtube.com\/watch?v=4is-XrHM6RY\" target=\"_blank\" rel=\"noopener noreferrer nofollow\" class=\"Youtube svelte-15adm43\" style=\"background-image: url(https:\/\/i.ytimg.com\/vi\/4is-XrHM6RY\/sddefault.jpg);\"><\/p>\n<p>Vanessa Paradis &#8211; Bouquet final (Clip Officiel)<\/p>\n<p> <\/a> \u00ab\u00a0Tirer la nuit sur les \u00e9toiles\u00a0\u00bb avec Etienne Daho\u00a0: le d\u00e9but du retour de Vanessa Paradis<\/p>\n<p>Si Vanessa Paradis n&rsquo;avait pas sorti d&rsquo;album depuis 2018, elle \u00e9tait revenue nous faire un coucou en chanson avec \u00ab\u00a0Tirer la nuit sur les \u00e9toiles\u00a0\u00bb, <a class=\"IciLink ici-link IciArticleLink g-ici-body-regular-1 underline brand svelte-lu7k6w\" href=\"https:\/\/www.francebleu.fr\/emissions\/decibels-l-emission\/etienne-daho-je-redoutais-un-peu-le-gigantisme-d-un-bercy-2180178\" rel=\"nofollow noopener\" target=\"_blank\">un duo pour le dernier album d&rsquo;Etienne Daho<\/a>. Et \u00e7a a \u00e9t\u00e9 le d\u00e9clic pour revenir\u00a0:\u00a0\u00ab\u00a0<strong>L&rsquo;envie de faire un disque, \u00e7a ne part jamais. Mais je fais aussi d&rsquo;autres m\u00e9tiers qui m&rsquo;\u00e9loignent de la musique parfois<\/strong>. Et ce n&rsquo;est pas plus mal, comme \u00e7a je nourris mes exp\u00e9riences et je mets tout \u00e7a dans mes disques. Travailler avec Etienne Daho, \u00e7a fait aussi tr\u00e8s longtemps que j&rsquo;en avais envie mais on n&rsquo;a jamais trouv\u00e9 le bon moment pour nous. Et effectivement, le fait d&rsquo;avoir fait ce duo, m&rsquo;a mis devant l&rsquo;\u00e9vidence que c&rsquo;\u00e9tait maintenant qu&rsquo;il fallait qu&rsquo;on fasse ce disque ensemble\u00a0\u00bb.<\/p>\n<p><a href=\"https:\/\/www.youtube.com\/watch?v=xE3zFDGGewE\" target=\"_blank\" rel=\"noopener noreferrer nofollow\" class=\"Youtube svelte-15adm43\" style=\"background-image: url(https:\/\/i.ytimg.com\/vi\/xE3zFDGGewE\/sddefault.jpg);\"><\/p>\n<p>Etienne Daho, Vanessa Paradis &#8211; Tirer la nuit sur les \u00e9toiles (Clip Officiel)<\/p>\n<p> <\/a> \u00c0 \u00e9couter aussi   <img decoding=\"async\" src=\"https:\/\/www.europesays.com\/fr\/wp-content\/uploads\/2025\/10\/1760761278_158_200x200\" alt=\"Etienne Daho\" style=\"--_image-preview:url('data:image\/jpeg;base64,\/9j\/2wBDACgcHiMeGSgjISMtKygwPGRBPDc3PHtYXUlkkYCZlo+AjIqgtObDoKrarYqMyP\/L2u71\/\/\/\/m8H\/\/\/\/6\/+b9\/\/j\/2wBDASstLTw1PHZBQXb4pYyl+Pj4+Pj4+Pj4+Pj4+Pj4+Pj4+Pj4+Pj4+Pj4+Pj4+Pj4+Pj4+Pj4+Pj4+Pj4+Pj4+Pj\/wAARCAAqACoDASIAAhEBAxEB\/8QAGAABAQEBAQAAAAAAAAAAAAAAAQACAwT\/xAAYEAEBAQEBAAAAAAAAAAAAAAAAARECEv\/EABcBAQEBAQAAAAAAAAAAAAAAAAIBAAT\/xAAYEQEBAQEBAAAAAAAAAAAAAAAAARESAv\/aAAwDAQACEQMRAD8A8SSDHXorFjdZq4NrNDVDY2ui0aLVwL6NrOi1LIHRBWFjdK0WoVEWqA8rBdOY35HDqUF\/\/9k=');\" loading=\"lazy\" fetchpriority=\"low\" aria-hidden=\"true\" class=\"svelte-1pnmlwx rounded\" onload=\"this.__e=event\" onerror=\"this.__e=event\"\/><\/p>\n<p>La musique, une envie toujours pr\u00e9sente pour Vanessa Paradis. Voire essentielle\u00a0: \u00ab\u00a0On nous a dit il y a quelques ann\u00e9es que ce n&rsquo;\u00e9tait pas un art essentiel. <strong>C&rsquo;est un art qui apporte du sourire, du soleil et du r\u00e9confort aux gens<\/strong>, et quelque part moins de solitude. Quand on entend sa propre histoire dans un texte, on se sent moins seul. Et puis la musique permet de s&rsquo;exprimer, de danser, d&rsquo;\u00e9vacuer du stress. \u00c7a fait beaucoup pour nous la musique\u00a0\u00bb.<\/p>\n<p>Le retour de l&rsquo;amour et du rap\u00a0!<\/p>\n<p>Dans \u00ab\u00a0Le retour des beaux jours\u00a0\u00bb, Vanessa Paradis nous offre quelques belles chansons d&rsquo;amour, dans tous ses \u00e9tats, comme \u00ab\u00a0Bouquet final\u00a0\u00bb. Une \u00e9vidence pour l&rsquo;autrice-compositrice et interpr\u00e8te\u00a0: \u00ab\u00a0\u00c7a me touche, \u00e7a parle de moi et \u00e7a parle des autres. <strong>Une chanson, on cherche \u00e0 la faire sienne et \u00e0 la partager avec le public<\/strong>, qu&rsquo;elle r\u00e9sonne dans leur esprit et dans leur c\u0153ur et que \u00e7a parle d&rsquo;eux\u00a0\u00bb.<\/p>\n<p>On retrouve dans l&rsquo;album la patte d&rsquo;expert d&rsquo;<strong>Etienne Daho<\/strong> pour les ch\u0153urs, qui, tout comme Vanessa Paradis, y porte une attention particuli\u00e8re\u00a0:\u00a0 \u00ab\u00a0Je travaille avec le roi des ch\u0153urs, Etienne Daho. Mais j&rsquo;aime beaucoup \u00e7a, je travaille beaucoup \u00e7a. <strong>C&rsquo;est un autre travail d&rsquo;habillage d&rsquo;une chanson.<\/strong> On fait les ch\u0153urs, on les harmonise. \u00c7a devient un instrument. Etienne Daho est tr\u00e8s fort pour faire des ch\u0153urs que les gens retiennent et r\u00e9p\u00e8tent en concert\u00a0\u00bb.<\/p>\n<p>Parmi les titres, on retrouve aussi \u00ab\u00a0Tr\u00e9sor\u00a0\u00bb, une chanson enti\u00e8rement \u00e9crite et produite par la chanteuse de l&rsquo;iconique \u00ab\u00a0Joe le taxi\u00a0\u00bb, qui en profite, via les sonorit\u00e9s, pour nous d\u00e9clarer <strong>son amour du rap<\/strong>\u00a0! Elle explique au micro d&rsquo;Emilie Mazoyer\u00a0:\u00a0\u00ab\u00a0Cette rythmique-l\u00e0, c&rsquo;est une de mes pr\u00e9f\u00e9r\u00e9es, c&rsquo;est quelque chose qui me fait danser depuis mon adolescence. <strong>C&rsquo;est quelque chose qui fait partie de moi, de mon panth\u00e9on musical<\/strong>. Le rap, c&rsquo;est extraordinaire. C&rsquo;est un mouvement populaire extr\u00eamement important. En plus &lsquo;rap&rsquo;, \u00e7a veut dire &lsquo;rythm and poetry&rsquo;, le rythme et la po\u00e9sie. C&rsquo;est un art extr\u00eamement important. Il a raison d&rsquo;exister, le rap\u00a0\u00bb.<\/p>\n<p>\u00c0 \u00e9couter aussi   <img decoding=\"async\" src=\"https:\/\/www.europesays.com\/fr\/wp-content\/uploads\/2025\/10\/1760761279_890_200x200\" alt=\"Vanessa Paradis d\u00e9voile un nouvel album !\" style=\"--_image-preview:url('data:image\/jpeg;base64,\/9j\/2wBDACgcHiMeGSgjISMtKygwPGRBPDc3PHtYXUlkkYCZlo+AjIqgtObDoKrarYqMyP\/L2u71\/\/\/\/m8H\/\/\/\/6\/+b9\/\/j\/2wBDASstLTw1PHZBQXb4pYyl+Pj4+Pj4+Pj4+Pj4+Pj4+Pj4+Pj4+Pj4+Pj4+Pj4+Pj4+Pj4+Pj4+Pj4+Pj4+Pj4+Pj\/wAARCAAqACoDASIAAhEBAxEB\/8QAGQABAQEBAQEAAAAAAAAAAAAAAgEAAwQF\/8QAFxABAQEBAAAAAAAAAAAAAAAAAAERAv\/EABcBAQEBAQAAAAAAAAAAAAAAAAEAAgP\/xAAXEQEBAQEAAAAAAAAAAAAAAAAAAQIR\/9oADAMBAAIRAxEAPwD5UWRZCkDsONY6YlgLlYJ9QSzXWQ5GxQayVdG1DodAfQlWvQNKjRDpLRtaoWEqKiD\/2Q==');\" loading=\"lazy\" fetchpriority=\"low\" aria-hidden=\"true\" class=\"svelte-1pnmlwx rounded\" onload=\"this.__e=event\" onerror=\"this.__e=event\"\/>Vanessa Paradis en tourn\u00e9e<\/p>\n<p>Le retour de l&rsquo;interpr\u00e8te de \u00ab\u00a0Marilyn et John\u00a0\u00bb se fait \u00e9galement <a target=\"_blank\" rel=\"nofollow noopener noreferrer\" class=\"IciLink ici-link IciArticleLink g-ici-body-regular-1 underline brand svelte-lu7k6w\" href=\"https:\/\/www.concert-auguri.fr\/fr\/vanessa-paradis\">en tourn\u00e9e d\u00e8s le mois de mars 2026<\/a>. Et elle a h\u00e2te de retrouver le public\u00a0:\u00a0\u00ab\u00a0On ne peut faire un bon concert qu&rsquo;avec la participation du public. Le jour est important, \u00e7a fait beaucoup. <strong>On n&rsquo;a pas le m\u00eame public en d\u00e9but ou en fin de semaine.<\/strong> L&rsquo;ambiance s&rsquo;acc\u00e9l\u00e8re, \u00e7a devient de plus en plus chaud en fin de semaine. Mais j&rsquo;ai un grand respect pour le public qui paye, qui se d\u00e9place, qui prend du temps pour venir vous voir. On r\u00e9p\u00e8te, on pr\u00e9pare un show, le public vient et il y a une magie dans la soir\u00e9e, dans notre rencontre, dans le moment. \u00c7a peut donner quelque chose d&rsquo;incroyable\u00a0\u00bb.<\/p>\n<p>Avec Vanessa Paradis, Emilie Mazoyer explorer \u00ab\u00a0Le retour des beaux jours\u00a0\u00bb dans \u00ab\u00a0D\u00e9cibels\u00a0\u00bb, sur votre radio ICI\u00a0!<\/p>\n","protected":false},"excerpt":{"rendered":"Vanessa Paradis est de retour et ram\u00e8ne les beaux jours avec elle dans un nouvel album enregistr\u00e9 \u00e0&hellip;\n","protected":false},"author":2,"featured_media":471615,"comment_status":"","ping_status":"","sticky":false,"template":"","format":"standard","meta":{"footnotes":""},"categories":[1355],"tags":[58,59,1011,27,1361,873],"class_list":{"0":"post-471614","1":"post","2":"type-post","3":"status-publish","4":"format-standard","5":"has-post-thumbnail","7":"category-musique","8":"tag-divertissement","9":"tag-entertainment","10":"tag-fr","11":"tag-france","12":"tag-music","13":"tag-musique"},"share_on_mastodon":{"url":"https:\/\/pubeurope.com\/@fr\/115393258807974296","error":""},"_links":{"self":[{"href":"https:\/\/www.europesays.com\/fr\/wp-json\/wp\/v2\/posts\/471614","targetHints":{"allow":["GET"]}}],"collection":[{"href":"https:\/\/www.europesays.com\/fr\/wp-json\/wp\/v2\/posts"}],"about":[{"href":"https:\/\/www.europesays.com\/fr\/wp-json\/wp\/v2\/types\/post"}],"author":[{"embeddable":true,"href":"https:\/\/www.europesays.com\/fr\/wp-json\/wp\/v2\/users\/2"}],"replies":[{"embeddable":true,"href":"https:\/\/www.europesays.com\/fr\/wp-json\/wp\/v2\/comments?post=471614"}],"version-history":[{"count":0,"href":"https:\/\/www.europesays.com\/fr\/wp-json\/wp\/v2\/posts\/471614\/revisions"}],"wp:featuredmedia":[{"embeddable":true,"href":"https:\/\/www.europesays.com\/fr\/wp-json\/wp\/v2\/media\/471615"}],"wp:attachment":[{"href":"https:\/\/www.europesays.com\/fr\/wp-json\/wp\/v2\/media?parent=471614"}],"wp:term":[{"taxonomy":"category","embeddable":true,"href":"https:\/\/www.europesays.com\/fr\/wp-json\/wp\/v2\/categories?post=471614"},{"taxonomy":"post_tag","embeddable":true,"href":"https:\/\/www.europesays.com\/fr\/wp-json\/wp\/v2\/tags?post=471614"}],"curies":[{"name":"wp","href":"https:\/\/api.w.org\/{rel}","templated":true}]}}