{"id":471626,"date":"2025-10-18T04:27:09","date_gmt":"2025-10-18T04:27:09","guid":{"rendered":"https:\/\/www.europesays.com\/fr\/471626\/"},"modified":"2025-10-18T04:27:09","modified_gmt":"2025-10-18T04:27:09","slug":"budget-2026-le-ministre-va-finalement-proposer-un-dispositif-fiscal-pour-les-proprietaires-bailleurs-les-echos","status":"publish","type":"post","link":"https:\/\/www.europesays.com\/fr\/471626\/","title":{"rendered":"Budget 2026 : le ministre va finalement proposer un dispositif fiscal pour les propri\u00e9taires bailleurs &#8211; Les Echos"},"content":{"rendered":"<ol>\n<li><a href=\"https:\/\/news.google.com\/rss\/articles\/CBMi-gFBVV95cUxQdGhxckRENV9CaUtRbnFRTGZrTzBPVFg0UzdNRFcwV3FiaWtacFVHb09uMTM4cVliN3UwTTlLVWgxTlV5YTlZSHB4Q2ZOX3VPSVZQV1dCeW4zb3JGSlZKdDM3UHBuaTFQRHVXNl96d2hjYlM4dUROTmUwQV9MNi1FOE4tdHVoc1E1WTBRckFHcVpZLXpMNHdldDhEeGRRMmw4S1RLQlo1Y1JzUEczWHpQZ0JtUTZES3p1enlIS2xtUlMxS0lWTFd4eE5GWjI0YmdtY0tlbi11MzFEVG8zUUQzQ203SmFSeVoxU0VUVWZ2R2dDaEJCOXU4VWx3?oc=5\" target=\"_blank\" rel=\"nofollow noopener\">Budget 2026 : le ministre va finalement proposer un dispositif fiscal pour les propri\u00e9taires bailleurs<\/a>&nbsp;&nbsp;Les Echos<\/li>\n<li><a href=\"https:\/\/news.google.com\/rss\/articles\/CBMimgFBVV95cUxNdno2QXlXU0JhM0h2OWZjY1AwMWZINHpickJpOEhVTmxubzdyR0lBRHpzeld1cU8zc3FDWmV3THZXX2VrOWRwZVpyVmR4OWd6bVREcnpPa3BaNlE1aVh0YU0wa2xrSXdnZV9SM05JSGY3N3dFRG5BeUxZTzdqUEY4WktqVmh5aVloZFltcW9kaVg1dDBtTEI1bm9R?oc=5\" target=\"_blank\" rel=\"nofollow noopener\">Vincent Jeanbrun remet en route le chantier du statut du bailleur priv\u00e9<\/a>&nbsp;&nbsp;Batiactu<\/li>\n<li><a href=\"https:\/\/news.google.com\/rss\/articles\/CBMixgFBVV95cUxPb2RoUHpySUF1MlFDR2Fac1VENEJVNWhuUVl3blFoQS1OTHNVa0RqMHFPWUdxMjBMeG9MZFBEZXRZc0IzdXl2N2NDWkFRTERHVEVoZGp3ZnpzTzZTX3ZwemhDbVdSUC1iLUhhWkFtZWlrdzZhTC05dS1ZeWltck5jUHdUWFc5a3ZQbTZQdXYtdHVQTjY5QURTNEIzT1F3VGxnTmVxMlN3YTdhRUZYemJPTW9NMDMzVE8tRklyVG5PRnozQ3BVeUE?oc=5\" target=\"_blank\" rel=\"nofollow noopener\">Logement : Le ministre va proposer un dispositif fiscal pour aider les propri\u00e9taires bailleurs<\/a>&nbsp;&nbsp;20 Minutes<\/li>\n<li><a href=\"https:\/\/news.google.com\/rss\/articles\/CBMi1wFBVV95cUxOX2dqLWw3NnNtal8tMHNLVm52QWpCWWZmOXJnSF9qZnAzSXJ2Wko2a2VMT0MzenFKWWlGeWhZbFd4OU9LcU1aajBlLWt4dnl4ZHJGV1l0bFZEVWhoUmV5R3o0cDVKUm1mazJUSXdkRlNudTRYQjh5blA3QjdveUJTQk02bE5IMkFnc2lwUWI4LTc5ZG5BUDZBTTZ6amRkWGxCYXJvYkt0c1pQUVRBOHphcWtoWWJPYy1lM0lhUExWcmxrMjBpYk4tS1ExT2psSnRRM3JscjFpcw?oc=5\" target=\"_blank\" rel=\"nofollow noopener\">Taxe fonci\u00e8re : la \u00ab bombe \u00e0 retardement \u00bb de la r\u00e9vision des valeurs locatives encore repouss\u00e9e<\/a>&nbsp;&nbsp;Les Echos<\/li>\n<li><a href=\"https:\/\/news.google.com\/rss\/articles\/CBMi9wFBVV95cUxOaDNFcFo2ZkotM1h4bDlibjR3WFRraURUb09xMHNOaEJ0NmxIdFBCZ0FRWmUtTXRPdUVyTUJaQ0ZMRm5EYjJmQTRmV1JvX1dFczFpTXlLTThFdThLaUNreXF6aUVPb0NSY1Q2cGN1bkVQRnNGM2hXNDI1cHN0a1F2LVVIYkZCUnlqZGxhVVpHY1VzdGhLaENhQmJGYWgtb2V2MDRuMXlZMjgxLXpHeVZ5Nm96eXhGTUdUam5IOVhqZG5NMGVYeGFwb1ZJNTJqRV9OdC1YZk5IeGhrX1dIUkVkdTBPc05WXzRVT0Y4enB5TkRaNllOdjNv?oc=5\" target=\"_blank\" rel=\"nofollow noopener\">\u00ab Un signal fort \u00bb : apr\u00e8s le Pinel, le gouvernement pr\u00e9pare un nouvel avantage fiscal pour encourager les propri\u00e9taires \u00e0 louer<\/a>&nbsp;&nbsp;Nice-Matin<\/li>\n<\/ol>\n","protected":false},"excerpt":{"rendered":"Budget 2026 : le ministre va finalement proposer un dispositif fiscal pour les propri\u00e9taires bailleurs&nbsp;&nbsp;Les Echos Vincent Jeanbrun&hellip;\n","protected":false},"author":2,"featured_media":395849,"comment_status":"","ping_status":"","sticky":false,"template":"","format":"standard","meta":{"footnotes":""},"categories":[6],"tags":[35,33,34,1011,27],"class_list":{"0":"post-471626","1":"post","2":"type-post","3":"status-publish","4":"format-standard","5":"has-post-thumbnail","7":"category-economie","8":"tag-business","9":"tag-economie","10":"tag-economy","11":"tag-fr","12":"tag-france"},"share_on_mastodon":{"url":"https:\/\/pubeurope.com\/@fr\/115393281717260161","error":""},"_links":{"self":[{"href":"https:\/\/www.europesays.com\/fr\/wp-json\/wp\/v2\/posts\/471626","targetHints":{"allow":["GET"]}}],"collection":[{"href":"https:\/\/www.europesays.com\/fr\/wp-json\/wp\/v2\/posts"}],"about":[{"href":"https:\/\/www.europesays.com\/fr\/wp-json\/wp\/v2\/types\/post"}],"author":[{"embeddable":true,"href":"https:\/\/www.europesays.com\/fr\/wp-json\/wp\/v2\/users\/2"}],"replies":[{"embeddable":true,"href":"https:\/\/www.europesays.com\/fr\/wp-json\/wp\/v2\/comments?post=471626"}],"version-history":[{"count":0,"href":"https:\/\/www.europesays.com\/fr\/wp-json\/wp\/v2\/posts\/471626\/revisions"}],"wp:featuredmedia":[{"embeddable":true,"href":"https:\/\/www.europesays.com\/fr\/wp-json\/wp\/v2\/media\/395849"}],"wp:attachment":[{"href":"https:\/\/www.europesays.com\/fr\/wp-json\/wp\/v2\/media?parent=471626"}],"wp:term":[{"taxonomy":"category","embeddable":true,"href":"https:\/\/www.europesays.com\/fr\/wp-json\/wp\/v2\/categories?post=471626"},{"taxonomy":"post_tag","embeddable":true,"href":"https:\/\/www.europesays.com\/fr\/wp-json\/wp\/v2\/tags?post=471626"}],"curies":[{"name":"wp","href":"https:\/\/api.w.org\/{rel}","templated":true}]}}