{"id":471629,"date":"2025-10-18T04:29:11","date_gmt":"2025-10-18T04:29:11","guid":{"rendered":"https:\/\/www.europesays.com\/fr\/471629\/"},"modified":"2025-10-18T04:29:11","modified_gmt":"2025-10-18T04:29:11","slug":"dans-le-loiret-et-lyonne-les-habitants-ont-ete-reveilles-par-une-forte-explosion-et-ce-netait-pas-un-exercice","status":"publish","type":"post","link":"https:\/\/www.europesays.com\/fr\/471629\/","title":{"rendered":"Dans le Loiret et l\u2019Yonne, les habitants ont \u00e9t\u00e9 r\u00e9veill\u00e9s par une forte explosion, et ce n\u2019\u00e9tait pas un exercice"},"content":{"rendered":"<p> \u00abComme si quelque chose avait explos\u00e9\u00a0\u00bb. Des habitants du <a href=\"https:\/\/www.20minutes.fr\/dossier\/loiret\" class=\"c-link c-link--is-underlined\" rel=\"nofollow noopener\" target=\"_blank\">Loiret<\/a>, de l\u2019<a href=\"https:\/\/www.20minutes.fr\/societe\/yonne\/\" class=\"c-link c-link--is-underlined\" rel=\"nofollow noopener\" target=\"_blank\">Yonne<\/a> et de <a href=\"https:\/\/www.20minutes.fr\/societe\/seine-et-marne\/\" class=\"c-link c-link--is-underlined\" rel=\"nofollow noopener\" target=\"_blank\">Seine-et-Marne<\/a> ont \u00e9t\u00e9 r\u00e9veill\u00e9s par une violente explosion tard dans la soir\u00e9e de jeudi, \u00e9voque <a href=\"https:\/\/www.francebleu.fr\/infos\/societe\/comme-si-quelque-chose-avait-explose-les-habitants-de-l-est-du-loiret-surpris-par-le-passage-d-avions-militaires-9685993\" target=\"_blank\" class=\"c-link c-link--is-underlined\" rel=\"nofollow noopener\">Ici Orl\u00e9ans<\/a>. Un bruit dont la d\u00e9tonation a fait trembler les habitations. Et dont l\u2019origine a \u00e9t\u00e9 rapidement identifi\u00e9e.<\/p>\n<\/p>\n<p>Selon plusieurs sources pr\u00e9fectorales, il s\u2019agissait d\u2019un avion de l\u2019arm\u00e9e de l\u2019air qui a franchi le mur du son et entra\u00een\u00e9 ces d\u00e9sagr\u00e9ments pour la population. Une situation qui survient de fa\u00e7on r\u00e9currente, mais dans un cadre cette fois tr\u00e8s particulier.<\/p>\n<p>Un avion de ligne qui ne r\u00e9pondait plus<\/p>\n<p>Beaucoup de personnes s\u2019\u00e9tonnent de l\u2019heure tardive \u00e0 laquelle s\u2019est produit l\u2019\u00e9v\u00e9nement. Il ne s\u2019agissait en r\u00e9alit\u00e9 pas d\u2019un exercice mais d\u2019une alerte, \u00e9voque <a href=\"https:\/\/actu.fr\/ile-de-france\/bransles_77050\/pas-un-exercice-pourquoi-des-avions-de-chasse-ont-franchi-le-mur-du-son-entre-la-seine-et-marne-et-lyonne_63314291.html\" target=\"_blank\" class=\"c-link c-link--is-underlined\" rel=\"nofollow noopener\">Actu.fr<\/a>. La patrouille de Mirage 2000 de l\u2019arm\u00e9e de l\u2019Air a \u00e9t\u00e9 mobilis\u00e9e dans le cadre d\u2019une mission de police afin d\u2019intercepter un avion de ligne qui ne donnait plus de nouvelles.<\/p>\n<p>\u00ab\u00a0C\u2019est ce qu\u2019on appelle la posture permanente de s\u00fbret\u00e9 a\u00e9rienne\u00a0\u00bb, explique une source \u00ab\u00a0bien inform\u00e9e\u00a0\u00bb au m\u00e9dia. \u00ab\u00a0Les avions ont pass\u00e9 la vitesse supersonique pour aller \u00e0 la rencontre de cet avion et voir s\u2019il y avait un probl\u00e8me.\u00a0\u00bb L\u2019alerte a finalement rapidement \u00e9t\u00e9 lev\u00e9e.<\/p>\n","protected":false},"excerpt":{"rendered":"\u00abComme si quelque chose avait explos\u00e9\u00a0\u00bb. Des habitants du Loiret, de l\u2019Yonne et de Seine-et-Marne ont \u00e9t\u00e9 r\u00e9veill\u00e9s&hellip;\n","protected":false},"author":2,"featured_media":471630,"comment_status":"","ping_status":"","sticky":false,"template":"","format":"standard","meta":{"footnotes":""},"categories":[4],"tags":[47,11,25702,37,2719,2718,7343,118,1011,27,662,303,13961,12,3951,25,1937,2717],"class_list":{"0":"post-471629","1":"post","2":"type-post","3":"status-publish","4":"format-standard","5":"has-post-thumbnail","7":"category-france","8":"tag-actualite","9":"tag-actualites","10":"tag-armee-de-lair","11":"tag-avion","12":"tag-bourgogne","13":"tag-bourgogne-franche-comte","14":"tag-centre-val-de-loire","15":"tag-faits-divers","16":"tag-fr","17":"tag-france","18":"tag-ile-de-france","19":"tag-justice","20":"tag-loiret","21":"tag-news","22":"tag-orleans","23":"tag-republique-francaise","24":"tag-seine-et-marne","25":"tag-yonne"},"share_on_mastodon":{"url":"https:\/\/pubeurope.com\/@fr\/115393289537574890","error":""},"_links":{"self":[{"href":"https:\/\/www.europesays.com\/fr\/wp-json\/wp\/v2\/posts\/471629","targetHints":{"allow":["GET"]}}],"collection":[{"href":"https:\/\/www.europesays.com\/fr\/wp-json\/wp\/v2\/posts"}],"about":[{"href":"https:\/\/www.europesays.com\/fr\/wp-json\/wp\/v2\/types\/post"}],"author":[{"embeddable":true,"href":"https:\/\/www.europesays.com\/fr\/wp-json\/wp\/v2\/users\/2"}],"replies":[{"embeddable":true,"href":"https:\/\/www.europesays.com\/fr\/wp-json\/wp\/v2\/comments?post=471629"}],"version-history":[{"count":0,"href":"https:\/\/www.europesays.com\/fr\/wp-json\/wp\/v2\/posts\/471629\/revisions"}],"wp:featuredmedia":[{"embeddable":true,"href":"https:\/\/www.europesays.com\/fr\/wp-json\/wp\/v2\/media\/471630"}],"wp:attachment":[{"href":"https:\/\/www.europesays.com\/fr\/wp-json\/wp\/v2\/media?parent=471629"}],"wp:term":[{"taxonomy":"category","embeddable":true,"href":"https:\/\/www.europesays.com\/fr\/wp-json\/wp\/v2\/categories?post=471629"},{"taxonomy":"post_tag","embeddable":true,"href":"https:\/\/www.europesays.com\/fr\/wp-json\/wp\/v2\/tags?post=471629"}],"curies":[{"name":"wp","href":"https:\/\/api.w.org\/{rel}","templated":true}]}}