{"id":471635,"date":"2025-10-18T04:32:15","date_gmt":"2025-10-18T04:32:15","guid":{"rendered":"https:\/\/www.europesays.com\/fr\/471635\/"},"modified":"2025-10-18T04:32:15","modified_gmt":"2025-10-18T04:32:15","slug":"la-ville-et-la-cci-renouvellent-leur-partenariat","status":"publish","type":"post","link":"https:\/\/www.europesays.com\/fr\/471635\/","title":{"rendered":"la Ville et la CCI renouvellent leur partenariat"},"content":{"rendered":"<p>Mise en place en 2018, la convention entre la Ville et la d\u00e9l\u00e9gation st\u00e9phanoise de la CCI (chambre de commerce et d\u2019industrie) a \u00e9t\u00e9 renouvel\u00e9e pour une p\u00e9riode de trois ans, de 2025 \u00e0 2028. Ce partenariat, qui a \u00e9t\u00e9 sign\u00e9 en d\u00e9but de semaine en mairie, a pour objectif de soutenir et d\u2019accompagner les commerces existants et d\u2019en attirer de nouveaux sur le territoire st\u00e9phanois.<\/p>\n<p>Le contexte actuel est difficile. Et \u00e7a n\u2019est pas nouveau. La pr\u00e9sidente de la d\u00e9l\u00e9gation st\u00e9phanoise de la CCI, Ir\u00e8ne Breuil, en fait \u00e9galement le constat. Elle cite la hausse des achats en ligne mais fait r\u00e9f\u00e9rence \u00e0 des \u00e9tudes qui montrent une volont\u00e9 d\u2019avoir une consommation plus raisonn\u00e9e, plus locale.<\/p>\n<p>\u00ab\u00a0Les consommateurs sont en attente de lien humain. Tout n\u2019est donc pas perdu, a-t-elle rassur\u00e9. Nous devons accompagner les commer\u00e7ants autrement.\u00a0\u00bb<\/p>\n<p>  De nombreuses enseignes nationales pr\u00e9sentes en centre-ville, ont mis la cl\u00e9 sous la porte<\/p>\n<p>Le maire, <a href=\"https:\/\/www.leprogres.fr\/p\/gael-perdriau\" target=\"_blank\" rel=\"nofollow noopener\">Ga\u00ebl Perdriau<\/a> a rappel\u00e9 qu\u2019en 3 ans, de nombreuses enseignes nationales pr\u00e9sentes en centre-ville, ont mis la cl\u00e9 sous la porte. \u00ab\u00a0Pimkie, Casa, Cama\u00efeu, San Marina, Princesse Tam Tam\u2026 Nous sommes en p\u00e9riode de transition majeure pour le commerce. \u00c0 Saint-Etienne, comme ailleurs, le contexte est difficile pour les commer\u00e7ants. Nous faisons de notre mieux pour leur faciliter la vie et les \u00e9pauler\u00a0\u00bb, a-t-il ajout\u00e9 en rappelant une mesure forte de la Ville, <a href=\"https:\/\/www.leprogres.fr\/societe\/2022\/09\/27\/637-commerces-vacants-la-ville-propose-une-aide-pour-lutter-contre\" target=\"_blank\" rel=\"nofollow noopener\">celle de la lutte contre les commerces vacants<\/a>. \u00ab\u00a0On aide les propri\u00e9taires qui souhaitent les r\u00e9nover et on taxe les r\u00e9calcitrants.\u00a0\u00bb<\/p>\n<p>  \u00ab\u00a0Nous ne d\u00e9tenons pas la solution miracle mais nous refusons l\u2019inaction\u00a0\u00bb<\/p>\n<p>De son c\u00f4t\u00e9, la CCI dispose de plusieurs leviers comme l\u2019accompagnement sur la digitalisation, la transition \u00e9cologique, la prospection cibl\u00e9e\u2026 \u00ab\u00a0Lors du Forum Franchise Lyon, le 4\u00a0novembre prochain, un stand sera pr\u00e9sent afin d\u2019attirer de nouvelles enseignes\u00a0\u00bb, donne comme exemple\u00a0Ir\u00e8ne Breuil. La nouvelle convention vise \u00e9galement \u00e0 soutenir et favoriser la nouvelle association de commer\u00e7ants st\u00e9phanois. \u00ab\u00a0Nous ne d\u00e9tenons pas la solution miracle mais nous refusons l\u2019inaction.\u00a0\u00bb<\/p>\n<p>  \u00ab\u00a0Ne plus consid\u00e9rer Steel comme un ennemi\u00a0\u00bb<\/p>\n<p>Pr\u00e9sents lors de cette signature en mairie, R\u00e9mi Boute de la Librairie de Paris et\u00a0Antoine Martinez du restaurant La Java Bleue confirment. \u00ab\u00a0Nous sommes en situation de crise et le r\u00e9flexe des commer\u00e7ants, c\u2019est le repli sur soi. Nous avons donc cr\u00e9\u00e9 cette nouvelle association en juin afin de f\u00e9d\u00e9rer tous les groupes de commer\u00e7ants de la ville. On a ainsi plus de poids\u00a0\u00bb, explique R\u00e9mi Boute.<\/p>\n<p>\u00ab\u00a0Aujourd\u2019hui, il faut ne faut plus consid\u00e9rer Steel comme un ennemi mais comme un alli\u00e9, poursuit Antoine Martinez. L\u2019id\u00e9e est d\u2019amener ensemble une nouvelle dynamique en ville. Il faut donc mettre en place un travail en commun, en se f\u00e9d\u00e9rant.\u00a0\u00bb <\/p>\n","protected":false},"excerpt":{"rendered":"Mise en place en 2018, la convention entre la Ville et la d\u00e9l\u00e9gation st\u00e9phanoise de la CCI (chambre&hellip;\n","protected":false},"author":2,"featured_media":471636,"comment_status":"","ping_status":"","sticky":false,"template":"","format":"standard","meta":{"footnotes":""},"categories":[9653],"tags":[1111,11,2430,4406,1984,33,7539,1777,674,1011,27,12,316,25,4001,7538],"class_list":{"0":"post-471635","1":"post","2":"type-post","3":"status-publish","4":"format-standard","5":"has-post-thumbnail","7":"category-saint-etienne","8":"tag-actu","9":"tag-actualites","10":"tag-auvergne-rhone-alpes","11":"tag-commerce-et-services","12":"tag-conseil-municipal","13":"tag-economie","14":"tag-edition-loire-sud","15":"tag-eu","16":"tag-europe","17":"tag-fr","18":"tag-france","19":"tag-news","20":"tag-politique","21":"tag-republique-francaise","22":"tag-saint-etienne","23":"tag-saint-etienne-ville"},"share_on_mastodon":{"url":"https:\/\/pubeurope.com\/@fr\/115393301353206566","error":""},"_links":{"self":[{"href":"https:\/\/www.europesays.com\/fr\/wp-json\/wp\/v2\/posts\/471635","targetHints":{"allow":["GET"]}}],"collection":[{"href":"https:\/\/www.europesays.com\/fr\/wp-json\/wp\/v2\/posts"}],"about":[{"href":"https:\/\/www.europesays.com\/fr\/wp-json\/wp\/v2\/types\/post"}],"author":[{"embeddable":true,"href":"https:\/\/www.europesays.com\/fr\/wp-json\/wp\/v2\/users\/2"}],"replies":[{"embeddable":true,"href":"https:\/\/www.europesays.com\/fr\/wp-json\/wp\/v2\/comments?post=471635"}],"version-history":[{"count":0,"href":"https:\/\/www.europesays.com\/fr\/wp-json\/wp\/v2\/posts\/471635\/revisions"}],"wp:featuredmedia":[{"embeddable":true,"href":"https:\/\/www.europesays.com\/fr\/wp-json\/wp\/v2\/media\/471636"}],"wp:attachment":[{"href":"https:\/\/www.europesays.com\/fr\/wp-json\/wp\/v2\/media?parent=471635"}],"wp:term":[{"taxonomy":"category","embeddable":true,"href":"https:\/\/www.europesays.com\/fr\/wp-json\/wp\/v2\/categories?post=471635"},{"taxonomy":"post_tag","embeddable":true,"href":"https:\/\/www.europesays.com\/fr\/wp-json\/wp\/v2\/tags?post=471635"}],"curies":[{"name":"wp","href":"https:\/\/api.w.org\/{rel}","templated":true}]}}