{"id":471637,"date":"2025-10-18T04:33:12","date_gmt":"2025-10-18T04:33:12","guid":{"rendered":"https:\/\/www.europesays.com\/fr\/471637\/"},"modified":"2025-10-18T04:33:12","modified_gmt":"2025-10-18T04:33:12","slug":"le-reggae-regale-le-chapiteau","status":"publish","type":"post","link":"https:\/\/www.europesays.com\/fr\/471637\/","title":{"rendered":"le reggae r\u00e9gale le Chapiteau\u00a0!"},"content":{"rendered":"<p>S\u2019il n\u2019\u00e9tait pas complet, cela s\u2019est jou\u00e9 \u00e0 peu de chose, ce vendredi soir. Le Chapiteau a, une fois encore, v\u00e9cu une soir\u00e9e forte en \u00e9motions. Une soir\u00e9e ayant remis \u00e0 sa juste place le reggae. Nancy Jazz Pulsations renouant avec le temps fort que le courant musical a longtemps constitu\u00e9. Pour cela, il fallait une affiche de haut niveau. Elle l\u2019a \u00e9t\u00e9. En ouverture, Clinton Fearon a fait monter la pression avant de laisser la place \u00e0 Queen Omega et son show aussi lumineux que percutant. L\u2019artiste se permettant m\u00eame d\u2019aller \u00e9voluer dans d\u2019autres registres\u2026 Le lien entre les musiques semblait alors \u00e9vident. Ce lien, Groundation l\u2019entretient depuis des d\u00e9cennies avec son leader Harrison Stafford. Lui qui a grandi avec le jazz gr\u00e2ce \u00e0 son p\u00e8re, pianiste de jazz, et son grand-p\u00e8re, saxophoniste.<\/p>\n","protected":false},"excerpt":{"rendered":"S\u2019il n\u2019\u00e9tait pas complet, cela s\u2019est jou\u00e9 \u00e0 peu de chose, ce vendredi soir. Le Chapiteau a, une&hellip;\n","protected":false},"author":2,"featured_media":471638,"comment_status":"","ping_status":"","sticky":false,"template":"","format":"standard","meta":{"footnotes":""},"categories":[9635],"tags":[1111,11,1687,1704,1777,674,1795,1011,27,5325,2798,775,873,1702,21112,12,25],"class_list":{"0":"post-471637","1":"post","2":"type-post","3":"status-publish","4":"format-standard","5":"has-post-thumbnail","7":"category-nancy","8":"tag-actu","9":"tag-actualites","10":"tag-culture-loisirs","11":"tag-edition-nancy-et-agglomeration","12":"tag-eu","13":"tag-europe","14":"tag-fil-web","15":"tag-fr","16":"tag-france","17":"tag-galerie-media","18":"tag-galerie-photo","19":"tag-grand-est","20":"tag-musique","21":"tag-nancy","22":"tag-nancy-jazz-pulsations","23":"tag-news","24":"tag-republique-francaise"},"share_on_mastodon":{"url":"https:\/\/pubeurope.com\/@fr\/115393305354892429","error":""},"_links":{"self":[{"href":"https:\/\/www.europesays.com\/fr\/wp-json\/wp\/v2\/posts\/471637","targetHints":{"allow":["GET"]}}],"collection":[{"href":"https:\/\/www.europesays.com\/fr\/wp-json\/wp\/v2\/posts"}],"about":[{"href":"https:\/\/www.europesays.com\/fr\/wp-json\/wp\/v2\/types\/post"}],"author":[{"embeddable":true,"href":"https:\/\/www.europesays.com\/fr\/wp-json\/wp\/v2\/users\/2"}],"replies":[{"embeddable":true,"href":"https:\/\/www.europesays.com\/fr\/wp-json\/wp\/v2\/comments?post=471637"}],"version-history":[{"count":0,"href":"https:\/\/www.europesays.com\/fr\/wp-json\/wp\/v2\/posts\/471637\/revisions"}],"wp:featuredmedia":[{"embeddable":true,"href":"https:\/\/www.europesays.com\/fr\/wp-json\/wp\/v2\/media\/471638"}],"wp:attachment":[{"href":"https:\/\/www.europesays.com\/fr\/wp-json\/wp\/v2\/media?parent=471637"}],"wp:term":[{"taxonomy":"category","embeddable":true,"href":"https:\/\/www.europesays.com\/fr\/wp-json\/wp\/v2\/categories?post=471637"},{"taxonomy":"post_tag","embeddable":true,"href":"https:\/\/www.europesays.com\/fr\/wp-json\/wp\/v2\/tags?post=471637"}],"curies":[{"name":"wp","href":"https:\/\/api.w.org\/{rel}","templated":true}]}}