{"id":471639,"date":"2025-10-18T04:34:19","date_gmt":"2025-10-18T04:34:19","guid":{"rendered":"https:\/\/www.europesays.com\/fr\/471639\/"},"modified":"2025-10-18T04:34:19","modified_gmt":"2025-10-18T04:34:19","slug":"meurthe-et-moselle-le-salon-du-brasseur-reunit-les-savoir-faire-et-les-innovations-de-la-filiere-biere-au-parc-des-expos-de-nancy","status":"publish","type":"post","link":"https:\/\/www.europesays.com\/fr\/471639\/","title":{"rendered":"Meurthe-et-Moselle. Le salon du brasseur r\u00e9unit les savoir-faire et les innovations de la fili\u00e8re bi\u00e8re au parc des expos de Nancy"},"content":{"rendered":"<p>Lanc\u00e9 au d\u00e9but des ann\u00e9es 90 par le <a href=\"https:\/\/www.estrepublicain.fr\/societe\/2025\/07\/31\/le-musee-francais-de-la-brasserie-change-de-president-la-fin-d-une-ere#:~:text=Apr%C3%A8s%20trente%20ans%20de%20pr%C3%A9sidence,le%20flambeau%20%C3%A0%20Eric%20Tschitschmann.\" target=\"_blank\" rel=\"noopener\">Mus\u00e9e fran\u00e7ais de la brasserie<\/a> , \u00e0 Saint-Nicolas-de-Port, et coorganis\u00e9 depuis 2018 avec Destination Nancy, le Salon du brasseur est devenu au fil des ann\u00e9es le salon technique leader en France et second au niveau europ\u00e9en.<\/p>\n<p>Ce rendez-vous, visant \u00e0 offrir aux brasseurs professionnels et amateurs passionn\u00e9s une vitrine des produits et des mat\u00e9riels disponibles dans les activit\u00e9s de brasserie et de malterie, a renforc\u00e9 sa position au sein de la fili\u00e8re brassicole en profitant du renouveau de la brasserie artisanale.<\/p>\n<p>La 26 e \u00e9dition s\u2019est tenue jeudi\u00a016 et vendredi 17\u00a0octobre, au parc des expositions de Nancy, \u00e0 Vand\u0153uvre-l\u00e8s-Nancy, avec la pr\u00e9sence de 135 exposants (dont 35\u00a0% venus de l\u2019\u00e9tranger et repr\u00e9sentant 14 pays) r\u00e9unis dans le hall A.<\/p>\n<p>Salon tourn\u00e9 vers l\u2019international<\/p>\n<p>\u00ab\u00a0Le <a href=\"https:\/\/www.estrepublicain.fr\/culture-loisirs\/2024\/10\/18\/la-biere-tient-salon-au-parc-des-expositions-de-vandoeuvre\" target=\"_blank\" rel=\"noopener\">Salon du brasseur<\/a> b\u00e9n\u00e9ficie de l\u2019appui actif des Brasseurs de France, du Syndicat national des brasseries ind\u00e9pendantes, ainsi que plusieurs organismes de formation dont&#8230;<\/p>\n","protected":false},"excerpt":{"rendered":"Lanc\u00e9 au d\u00e9but des ann\u00e9es 90 par le Mus\u00e9e fran\u00e7ais de la brasserie , \u00e0 Saint-Nicolas-de-Port, et coorganis\u00e9&hellip;\n","protected":false},"author":2,"featured_media":471640,"comment_status":"","ping_status":"","sticky":false,"template":"","format":"standard","meta":{"footnotes":""},"categories":[9635],"tags":[1111,11,1477,33,1707,1704,1706,1705,1777,674,1011,27,775,6364,3457,1702,12,25,5711],"class_list":{"0":"post-471639","1":"post","2":"type-post","3":"status-publish","4":"format-standard","5":"has-post-thumbnail","7":"category-nancy","8":"tag-actu","9":"tag-actualites","10":"tag-artisanat","11":"tag-economie","12":"tag-edition-luneville","13":"tag-edition-nancy-et-agglomeration","14":"tag-edition-pont-a-mousson","15":"tag-edition-toul","16":"tag-eu","17":"tag-europe","18":"tag-fr","19":"tag-france","20":"tag-grand-est","21":"tag-metropole-du-grand-nancy-54b1","22":"tag-meurthe-et-moselle","23":"tag-nancy","24":"tag-news","25":"tag-republique-francaise","26":"tag-vandoeuvre-les-nancy"},"share_on_mastodon":{"url":"https:\/\/pubeurope.com\/@fr\/115393309362482794","error":""},"_links":{"self":[{"href":"https:\/\/www.europesays.com\/fr\/wp-json\/wp\/v2\/posts\/471639","targetHints":{"allow":["GET"]}}],"collection":[{"href":"https:\/\/www.europesays.com\/fr\/wp-json\/wp\/v2\/posts"}],"about":[{"href":"https:\/\/www.europesays.com\/fr\/wp-json\/wp\/v2\/types\/post"}],"author":[{"embeddable":true,"href":"https:\/\/www.europesays.com\/fr\/wp-json\/wp\/v2\/users\/2"}],"replies":[{"embeddable":true,"href":"https:\/\/www.europesays.com\/fr\/wp-json\/wp\/v2\/comments?post=471639"}],"version-history":[{"count":0,"href":"https:\/\/www.europesays.com\/fr\/wp-json\/wp\/v2\/posts\/471639\/revisions"}],"wp:featuredmedia":[{"embeddable":true,"href":"https:\/\/www.europesays.com\/fr\/wp-json\/wp\/v2\/media\/471640"}],"wp:attachment":[{"href":"https:\/\/www.europesays.com\/fr\/wp-json\/wp\/v2\/media?parent=471639"}],"wp:term":[{"taxonomy":"category","embeddable":true,"href":"https:\/\/www.europesays.com\/fr\/wp-json\/wp\/v2\/categories?post=471639"},{"taxonomy":"post_tag","embeddable":true,"href":"https:\/\/www.europesays.com\/fr\/wp-json\/wp\/v2\/tags?post=471639"}],"curies":[{"name":"wp","href":"https:\/\/api.w.org\/{rel}","templated":true}]}}