{"id":471643,"date":"2025-10-18T04:36:45","date_gmt":"2025-10-18T04:36:45","guid":{"rendered":"https:\/\/www.europesays.com\/fr\/471643\/"},"modified":"2025-10-18T04:36:45","modified_gmt":"2025-10-18T04:36:45","slug":"brigitte-bardot-prise-en-charge-a-toulon-pendant-3-semaines-elle-donne-des-nouvelles-via-son-secretariat-2","status":"publish","type":"post","link":"https:\/\/www.europesays.com\/fr\/471643\/","title":{"rendered":"Brigitte Bardot prise en charge \u00e0 Toulon pendant 3 semaines, elle donne des nouvelles via son secr\u00e9tariat"},"content":{"rendered":"<p class=\"mb-4 text-lg md:leading-8 break-words\">Brigitte Bardot, hospitalis\u00e9e \u00e0 Toulon depuis trois semaines, a subi une intervention chirurgicale. Elle est d\u00e9sormais rentr\u00e9e \u00e0 Saint-Tropez pour se reposer et ne r\u00e9pondra \u00e0 aucune sollicitation, sa vie priv\u00e9e \u00e9tant strictement prot\u00e9g\u00e9e.<\/p>\n<p class=\"mb-4 text-lg md:leading-8 break-words\"><a href=\"https:\/\/www.purepeople.com\/people\/brigitte-bardot_p1326\" rel=\"nofollow noopener\" target=\"_blank\" data-ylk=\"slk:Brigitte Bardot;elm:context_link;itc:0;sec:content-canvas\" class=\"link \"><strong>Brigitte Bardot<\/strong><\/a><strong> va bien ! Elle a subi une \u00ab\u00a0<\/strong><strong>l\u00e9g\u00e8re intervention chirurgicale qui s\u2019est d\u00e9roul\u00e9e de mani\u00e8re particuli\u00e8rement satisfaisante<\/strong><strong>\u00ab\u00a0, a indiqu\u00e9 son secr\u00e9tariat \u00e0 l&rsquo;AFP ce vendredi 17 octobre 2025. <\/strong><a href=\"https:\/\/fr.news.yahoo.com\/brigitte-bardot-prise-charge-m%C3%A9decins-161200058.html\" data-ylk=\"slk:Elle n&#039;est plus \u00e0 Toulon, l\u00e0 o\u00f9 elle \u00e9tait hospitalis\u00e9e depuis trois semaines;elm:context_link;itc:0;sec:content-canvas;outcm:mb_qualified_link;_E:mb_qualified_link;ct:story;\" class=\"link  yahoo-link\" rel=\"nofollow noopener\" target=\"_blank\">Elle n&rsquo;est plus \u00e0 Toulon, l\u00e0 o\u00f9 elle \u00e9tait hospitalis\u00e9e depuis trois semaines<\/a>, \u00e0 l\u2019h\u00f4pital priv\u00e9 de Saint-Jean. <a href=\"https:\/\/www.nicematin.com\/culture\/brigitte-bardot-hospitalisee-a-toulon-10652805\" rel=\"nofollow noopener\" target=\"_blank\" data-ylk=\"slk:Nice-Matin;elm:context_link;itc:0;sec:content-canvas\" class=\"link \">Nice-Matin<\/a> avait rapport\u00e9 qu&rsquo;elle a subi une intervention chirurgicale li\u00e9e \u00e0 une maladie grave, sans que la nature de celle-ci ne soit pr\u00e9cis\u00e9e. Nos confr\u00e8res ajoutaient que son \u00e9tat de sant\u00e9 resterait fragile et surveill\u00e9 de pr\u00e8s par les \u00e9quipes m\u00e9dicales.<\/p>\n<p class=\"mb-4 text-lg md:leading-8 break-words\">Brigitte Bardot est rentr\u00e9e chez elle, \u00e0 Saint-Tropez. \u00ab\u00a0Elle se repose chez elle d\u00e9sormais, ne r\u00e9pondra \u00e0 aucune sollicitation, et remercie chacun de respecter son intimit\u00e9 et sa tranquillit\u00e9\u00a0\u00bb, ajoute le communiqu\u00e9. La maman de <a href=\"https:\/\/fr.news.yahoo.com\/brigitte-bardot-fils-nicolas-jacques-040500689.html\" data-ylk=\"slk:Nicolas;elm:context_link;itc:0;sec:content-canvas;outcm:mb_qualified_link;_E:mb_qualified_link;ct:story;\" class=\"link  yahoo-link\" rel=\"nofollow noopener\" target=\"_blank\">Nicolas <\/a>a \u00e9galement tenu \u00e0 \u00ab\u00a0remercier tous ceux qui se soucient de son \u00e9tat de sant\u00e9 et les rassurer\u00a0\u00bb et \u00e0 \u00ab\u00a0remercier l\u2019\u00e9quipe chirurgicale et l\u2019ensemble des personnels qui ont veill\u00e9 \u00e0 son r\u00e9tablissement\u00a0\u00bb.<\/p>\n<p><img alt=\"Communiqu\u00e9 sur l'\u00e9tat de sant\u00e9 de Brigitte Bardot.\" loading=\"lazy\" width=\"960\" height=\"427\" decoding=\"async\" data-nimg=\"1\" class=\"rounded-lg\" style=\"color:transparent\" src=\"https:\/\/www.europesays.com\/fr\/wp-content\/uploads\/2025\/10\/d993d9931b773cdd9459ff929b14cc4e.jpeg\"\/><\/p>\n<p>Communiqu\u00e9 sur l&rsquo;\u00e9tat de sant\u00e9 de Brigitte Bardot.<\/p>\n<p class=\"mb-4 text-lg md:leading-8 break-words\">Brigitte Bardot, une ic\u00f4ne engag\u00e9e<\/p>\n<p class=\"mb-4 text-lg md:leading-8 break-words\">\u00a0<\/p>\n<p class=\"mb-4 text-lg md:leading-8 break-words\">\u00ab\u00a0BB\u00a0\u00bb, qui a tir\u00e9 un trait sur le cin\u00e9ma dans les ann\u00e9es 1970 pour se consacrer \u00e0 la cause animale, notamment via sa fondation, vit entre sa c\u00e9l\u00e8bre r\u00e9sidence de <a href=\"https:\/\/fr.news.yahoo.com\/brigitte-bardot-madrague-maison-star-181300460.html\" data-ylk=\"slk:La Madrague;elm:context_link;itc:0;sec:content-canvas;outcm:mb_qualified_link;_E:mb_qualified_link;ct:story;\" class=\"link  yahoo-link\" rel=\"nofollow noopener\" target=\"_blank\">La Madrague <\/a>\u00e0 Saint-Tropez, dans le Sud de la France, et une seconde maison cach\u00e9e dans la verdure, La Garrigue, abritant des animaux et une chapelle priv\u00e9e.<\/p>\n<p class=\"mb-4 text-lg md:leading-8 break-words\">En mai dernier, dans une interview \u00e0 BFMTV, elle avait assur\u00e9 vivre \u00ab\u00a0comme une fermi\u00e8re\u00a0\u00bb entour\u00e9e de ses moutons, ses cochons, ses chiens, ses chats, son \u00e2ne et sa ponette et ne poss\u00e9der \u00ab\u00a0ni portable, ni ordinateur\u00a0\u00bb. \u00a0De la lutte contre l\u2019abattage des b\u00e9b\u00e9s phoques \u00e0 la d\u00e9nonciation de la chasse ou de l\u2019exp\u00e9rimentation animale, son engagement reste intact et sans faille jusqu&rsquo;\u00e0 ce jour.<\/p>\n<p class=\"mb-4 text-lg md:leading-8 break-words\">Avant de devenir la militante que l\u2019on conna\u00eet, Brigitte Bardot fut l\u2019une des plus grandes stars du cin\u00e9ma fran\u00e7ais. R\u00e9v\u00e9l\u00e9e d\u00e8s l\u2019adolescence, elle incarne dans les ann\u00e9es 1950 une nouvelle f\u00e9minit\u00e9 libre et assum\u00e9e. Son r\u00f4le dans Et Dieu\u2026 cr\u00e9a la femme (1956) la propulsera au rang de mythe. Elle est rapidement devenue un sex-symbol et a acquis une renomm\u00e9e internationale. Avec \u00e0 son actif 45 films et plus de 70 chansons en pr\u00e8s de vingt et un ans de carri\u00e8re, elle est encore aujourd&rsquo;hui l\u2019une des artistes fran\u00e7aises les plus c\u00e9l\u00e8bres au monde.<\/p>\n<p class=\"mb-4 text-lg md:leading-8 break-words\">\u00a0<\/p>\n<p class=\"mb-4 text-lg md:leading-8 break-words\"><a href=\"https:\/\/www.purepeople.com\/article\/brigitte-bardot-prise-en-charge-a-toulon-pendant-3-semaines-elle-donne-des-nouvelles-via-son-secretariat_a543714\/1\" rel=\"nofollow noopener\" target=\"_blank\" data-ylk=\"slk:Article original sur Purepeople;elm:context_link;itc:0;sec:content-canvas\" class=\"link \">Article original sur Purepeople<\/a><\/p>\n","protected":false},"excerpt":{"rendered":"Brigitte Bardot, hospitalis\u00e9e \u00e0 Toulon depuis trois semaines, a subi une intervention chirurgicale. Elle est d\u00e9sormais rentr\u00e9e \u00e0&hellip;\n","protected":false},"author":2,"featured_media":471644,"comment_status":"","ping_status":"","sticky":false,"template":"","format":"standard","meta":{"footnotes":""},"categories":[9619],"tags":[1111,11,20224,1777,674,1011,27,59521,12,882,25,20592,2310],"class_list":{"0":"post-471643","1":"post","2":"type-post","3":"status-publish","4":"format-standard","5":"has-post-thumbnail","7":"category-toulon","8":"tag-actu","9":"tag-actualites","10":"tag-brigitte-bardot","11":"tag-eu","12":"tag-europe","13":"tag-fr","14":"tag-france","15":"tag-intervention-chirurgicale","16":"tag-news","17":"tag-provence-alpes-cote-dazur","18":"tag-republique-francaise","19":"tag-saint-tropez","20":"tag-toulon"},"share_on_mastodon":{"url":"https:\/\/pubeurope.com\/@fr\/115393317117885223","error":""},"_links":{"self":[{"href":"https:\/\/www.europesays.com\/fr\/wp-json\/wp\/v2\/posts\/471643","targetHints":{"allow":["GET"]}}],"collection":[{"href":"https:\/\/www.europesays.com\/fr\/wp-json\/wp\/v2\/posts"}],"about":[{"href":"https:\/\/www.europesays.com\/fr\/wp-json\/wp\/v2\/types\/post"}],"author":[{"embeddable":true,"href":"https:\/\/www.europesays.com\/fr\/wp-json\/wp\/v2\/users\/2"}],"replies":[{"embeddable":true,"href":"https:\/\/www.europesays.com\/fr\/wp-json\/wp\/v2\/comments?post=471643"}],"version-history":[{"count":0,"href":"https:\/\/www.europesays.com\/fr\/wp-json\/wp\/v2\/posts\/471643\/revisions"}],"wp:featuredmedia":[{"embeddable":true,"href":"https:\/\/www.europesays.com\/fr\/wp-json\/wp\/v2\/media\/471644"}],"wp:attachment":[{"href":"https:\/\/www.europesays.com\/fr\/wp-json\/wp\/v2\/media?parent=471643"}],"wp:term":[{"taxonomy":"category","embeddable":true,"href":"https:\/\/www.europesays.com\/fr\/wp-json\/wp\/v2\/categories?post=471643"},{"taxonomy":"post_tag","embeddable":true,"href":"https:\/\/www.europesays.com\/fr\/wp-json\/wp\/v2\/tags?post=471643"}],"curies":[{"name":"wp","href":"https:\/\/api.w.org\/{rel}","templated":true}]}}