{"id":471647,"date":"2025-10-18T04:38:26","date_gmt":"2025-10-18T04:38:26","guid":{"rendered":"https:\/\/www.europesays.com\/fr\/471647\/"},"modified":"2025-10-18T04:38:26","modified_gmt":"2025-10-18T04:38:26","slug":"a-montpellier-le-lou-rugby-veut-enfin-montrer-son-vrai-visage-a-lexterieur","status":"publish","type":"post","link":"https:\/\/www.europesays.com\/fr\/471647\/","title":{"rendered":"A Montpellier, le LOU Rugby veut enfin montrer son vrai visage \u00e0 l\u2019ext\u00e9rieur"},"content":{"rendered":"<p itemprop=\"description\"><strong>C\u2019est avec beaucoup d\u2019ambitions que le LOU Rugby aborde son d\u00e9placement \u00e0 Montpellier ce samedi dans le cadre de la 7e journ\u00e9e de Top 14.<\/strong><\/p>\n<p>Apr\u00e8s leur victoire face \u00e0 Perpignan \u00e0 domicile le week-end dernier, les rugbymen lyonnais veulent enfin montrer qu\u2019ils sont capables de gagner \u00e0 l\u2019ext\u00e9rieur : \u00ab\u00a0\u00c7a fait des ann\u00e9es qu\u2019on a deux visages. On doit effacer \u00e7a. Il faudra rester combatif tout le match\u00a0\u00bb, a expliqu\u00e9 Alfred Parisien en conf\u00e9rence de presse d\u2019avant-match.\u00a0<\/p>\n<p>Pour enfin inverser la tendance, le staff a mis en place un travail sp\u00e9cifique depuis le d\u00e9but de la semaine : \u00ab\u00a0On en parle depuis lundi, on sent que le mal est assez profond\u00a0\u00bb, a affirm\u00e9 Julien Puricelli, l\u2019entraineur des avants et de la touche, rappelant que l\u2019\u00e9quipe n\u2019a remport\u00e9 que trois matchs loin de Gerland en deux ans.\u00a0<\/p>\n<p>\u00ab\u00a0On souhaite r\u00e9aliser une performance, et \u00e7a commencera par l\u2019entame de match et ensuite les pousser jusqu\u2019\u00e0 la fin,\u00a0\u00bb, a-t-il poursuivi, notant qu\u2019il y a \u00ab\u00a0trop d\u2019\u00e9cart entre les matchs \u00e0 domicile et ceux \u00e0 l\u2019ext\u00e9rieur\u00a0\u00bb.\u00a0<\/p>\n<p>Les Lyonnais s\u2019attendent \u00e0 \u00ab\u00a0un combat rude\u00a0\u00bb auquel \u00ab\u00a0il faudra r\u00e9pondre pr\u00e9sent\u00a0\u00bb : \u00ab\u00a0On a bien analys\u00e9 leurs matchs, c\u2019est une \u00e9quipe de vaillants\u00a0\u00bb, a soulign\u00e9 Alfred Parisien, qui se souvient malgr\u00e9 tout d\u2019une victoire obtenue \u00e0 Montpellier la saison derni\u00e8re. \u00ab\u00a0Il faut faire un match r\u00e9f\u00e9rence, \u00e7a nous permettra de switcher cette image de nous \u00e0 deux visages\u00a0\u00bb, a-t-il conclu.<\/p>\n<p>Le coup d\u2019envoi du match sera donn\u00e9 \u00e0 16h35.<\/p>\n","protected":false},"excerpt":{"rendered":"C\u2019est avec beaucoup d\u2019ambitions que le LOU Rugby aborde son d\u00e9placement \u00e0 Montpellier ce samedi dans le cadre&hellip;\n","protected":false},"author":2,"featured_media":471648,"comment_status":"","ping_status":"","sticky":false,"template":"","format":"standard","meta":{"footnotes":""},"categories":[9599],"tags":[1111,11,2813,2190,1109,251,1112,2811,1777,674,118,1011,27,1922,1110,1114,2428,2810,2208,12,2680,241,316,25,2812,517,800],"class_list":{"0":"post-471647","1":"post","2":"type-post","3":"status-publish","4":"format-standard","5":"has-post-thumbnail","7":"category-montpellier","8":"tag-actu","9":"tag-actualites","10":"tag-article","11":"tag-asvel","12":"tag-breves","13":"tag-culture","14":"tag-depeches","15":"tag-economique","16":"tag-eu","17":"tag-europe","18":"tag-faits-divers","19":"tag-fr","20":"tag-france","21":"tag-info","22":"tag-informations","23":"tag-infos","24":"tag-lyon","25":"tag-lyonmag","26":"tag-montpellier","27":"tag-news","28":"tag-occitanie","29":"tag-ol","30":"tag-politique","31":"tag-republique-francaise","32":"tag-sociale","33":"tag-sport","34":"tag-transports"},"share_on_mastodon":{"url":"https:\/\/pubeurope.com\/@fr\/115393324828854385","error":""},"_links":{"self":[{"href":"https:\/\/www.europesays.com\/fr\/wp-json\/wp\/v2\/posts\/471647","targetHints":{"allow":["GET"]}}],"collection":[{"href":"https:\/\/www.europesays.com\/fr\/wp-json\/wp\/v2\/posts"}],"about":[{"href":"https:\/\/www.europesays.com\/fr\/wp-json\/wp\/v2\/types\/post"}],"author":[{"embeddable":true,"href":"https:\/\/www.europesays.com\/fr\/wp-json\/wp\/v2\/users\/2"}],"replies":[{"embeddable":true,"href":"https:\/\/www.europesays.com\/fr\/wp-json\/wp\/v2\/comments?post=471647"}],"version-history":[{"count":0,"href":"https:\/\/www.europesays.com\/fr\/wp-json\/wp\/v2\/posts\/471647\/revisions"}],"wp:featuredmedia":[{"embeddable":true,"href":"https:\/\/www.europesays.com\/fr\/wp-json\/wp\/v2\/media\/471648"}],"wp:attachment":[{"href":"https:\/\/www.europesays.com\/fr\/wp-json\/wp\/v2\/media?parent=471647"}],"wp:term":[{"taxonomy":"category","embeddable":true,"href":"https:\/\/www.europesays.com\/fr\/wp-json\/wp\/v2\/categories?post=471647"},{"taxonomy":"post_tag","embeddable":true,"href":"https:\/\/www.europesays.com\/fr\/wp-json\/wp\/v2\/tags?post=471647"}],"curies":[{"name":"wp","href":"https:\/\/api.w.org\/{rel}","templated":true}]}}