{"id":471654,"date":"2025-10-18T04:44:09","date_gmt":"2025-10-18T04:44:09","guid":{"rendered":"https:\/\/www.europesays.com\/fr\/471654\/"},"modified":"2025-10-18T04:44:09","modified_gmt":"2025-10-18T04:44:09","slug":"une-initiation-gratuite-place-de-la-mairie-ce-week-end-a-rennes","status":"publish","type":"post","link":"https:\/\/www.europesays.com\/fr\/471654\/","title":{"rendered":"une initiation gratuite, place de la mairie, ce week-end \u00e0 Rennes"},"content":{"rendered":"<p>            Par<br \/>\n        <strong><br \/>\n            <a href=\"https:\/\/actu.fr\/auteur\/laurene-fertin\" title=\"Consulter tous les articles de Laur\u00e8ne Fertin\" rel=\"nofollow noopener\" target=\"_blank\">Laur\u00e8ne Fertin<\/a><br \/>\n        <\/strong><\/p>\n<p>        Publi\u00e9 le<\/p>\n<p>            18 oct. 2025 \u00e0 6h32        <\/p>\n<p>Ce samedi 18\u00a0octobre, <strong>de 10h \u00e0 18h<\/strong>, la <strong>16\u1d49 Journ\u00e9e des gestes de premiers secours<\/strong> s\u2019ouvre \u00e0 Rennes. Place de l\u2019h\u00f4tel de Ville, <strong>plusieurs intervenants<\/strong> accueilleront les citoyens et <strong>sensibiliseront <\/strong>\u00ab\u2009de mani\u00e8re ludique aux risques majeurs\u2009\u00bb et les initieront \u00ab\u2009aux gestes de premiers secours\u2009\u00bb, indique la Ville de Rennes, dans un communiqu\u00e9 de presse.<\/p>\n<p class=\" wall-content\">Seront ainsi pr\u00e9sents\u2009: <strong>SAMU, Sdis 35<\/strong> (Service d\u00e9partemental d\u2019incendie et de secours), UDSP 35 (Union d\u00e9partementale des sapeurs-pompiers, <strong>Croix-Rouge, Protection Civile<\/strong> 35, <strong>Croix Blanche, Polyclinique Saint-Laurent,<\/strong> Union d\u00e9partementale des premiers secours (UDPS 35).<\/p>\n<p>La moiti\u00e9 de la population fran\u00e7aise ne conna\u00eet pas les gestes de premiers secours<\/p>\n<p>\u00ab\u00a0La moiti\u00e9 de la population fran\u00e7aise n&rsquo;est pas form\u00e9e aux gestes de premiers secours. Sans une prise en charge imm\u00e9diate, plus de 90 % des arr\u00eats cardiaques sont fatals. Statistiquement, la majorit\u00e9 des accidents surviennent devant t\u00e9moin mais moins de 20 % des t\u00e9moins r\u00e9alisent les gestes de premiers secours\u00a0\u00bb, compl\u00e8te la Ville de Rennes.<\/p>\n<p>Dans les quartiers<\/p>\n<p class=\" wall-content\">Ces acteurs urgentistes, ainsi que les associations de secouristes <strong>se d\u00e9placeront<\/strong> \u00e9galement\u2009:<\/p>\n<ul class=\" wall-content\">\n<li><strong>Place Sainte-Anne<\/strong> avec la Protection Civile 35\u2009;<\/li>\n<li><strong>Les Champs Libres<\/strong> avec l\u2019UDPS 35\u2009;<\/li>\n<li><strong>Place Lucie et Ren\u00e9e Aubrac<\/strong> (Maurepas) avec la Croix Blanche\u2009;<\/li>\n<li><strong>Halle Agn\u00e8s Tyrop<\/strong> (Le Blosne) avec la Polyclinique Saint-Laurent et la Communaut\u00e9 professionnelle territoriale de sant\u00e9 Rennes sud\u2009;<\/li>\n<li><strong>Centre commercial de Cleunay<\/strong> avec la Croix Rouge.<\/li>\n<\/ul>\n<p class=\" wall-content\">Cette Journ\u00e9e s\u2019organise commun\u00e9ment avec <strong>les Journ\u00e9es \u00ab\u2009Face aux risques, agissons\u2009\u00bb,<\/strong> dans le cadre de la Journ\u00e9e nationale de la r\u00e9silience, du 18 au 25\u00a0octobre. Le but\u2009: faire en sorte que les citoyens puissent identifier les risques majeurs (risques m\u00e9t\u00e9orologiques, accidents industriels\u2026) auxquels ils pourraient \u00eatre expos\u00e9s, et savoir se comporter en cons\u00e9quence.<\/p>\n<p class=\" wall-content\">Personnalisez votre actualit\u00e9 en ajoutant vos villes et m\u00e9dias en favori avec <a href=\"https:\/\/moncompte.actu.fr\" title=\"D\u00e9couvez Mon Actu\" rel=\"nofollow noopener\" data-trk=\"{&quot;cta&quot;:{&quot;action&quot;:&quot;https:\\\/\\\/moncompte.actu.fr&quot;,&quot;category&quot;:&quot;mon compte&quot;,&quot;from&quot;:&quot;article footer&quot;,&quot;name&quot;:&quot;Mon actu&quot;,&quot;type&quot;:&quot;cta&quot;}}\" target=\"_blank\">Mon Actu<\/a>.<\/p>\n","protected":false},"excerpt":{"rendered":"Par Laur\u00e8ne Fertin Publi\u00e9 le 18 oct. 2025 \u00e0 6h32 Ce samedi 18\u00a0octobre, de 10h \u00e0 18h, la&hellip;\n","protected":false},"author":2,"featured_media":471655,"comment_status":"","ping_status":"","sticky":false,"template":"","format":"standard","meta":{"footnotes":""},"categories":[2821],"tags":[1111,11,829,1777,674,1011,27,12,584,25,71,104],"class_list":{"0":"post-471654","1":"post","2":"type-post","3":"status-publish","4":"format-standard","5":"has-post-thumbnail","7":"category-rennes","8":"tag-actu","9":"tag-actualites","10":"tag-bretagne","11":"tag-eu","12":"tag-europe","13":"tag-fr","14":"tag-france","15":"tag-news","16":"tag-rennes","17":"tag-republique-francaise","18":"tag-sante","19":"tag-societe"},"share_on_mastodon":{"url":"https:\/\/pubeurope.com\/@fr\/115393348529850949","error":""},"_links":{"self":[{"href":"https:\/\/www.europesays.com\/fr\/wp-json\/wp\/v2\/posts\/471654","targetHints":{"allow":["GET"]}}],"collection":[{"href":"https:\/\/www.europesays.com\/fr\/wp-json\/wp\/v2\/posts"}],"about":[{"href":"https:\/\/www.europesays.com\/fr\/wp-json\/wp\/v2\/types\/post"}],"author":[{"embeddable":true,"href":"https:\/\/www.europesays.com\/fr\/wp-json\/wp\/v2\/users\/2"}],"replies":[{"embeddable":true,"href":"https:\/\/www.europesays.com\/fr\/wp-json\/wp\/v2\/comments?post=471654"}],"version-history":[{"count":0,"href":"https:\/\/www.europesays.com\/fr\/wp-json\/wp\/v2\/posts\/471654\/revisions"}],"wp:featuredmedia":[{"embeddable":true,"href":"https:\/\/www.europesays.com\/fr\/wp-json\/wp\/v2\/media\/471655"}],"wp:attachment":[{"href":"https:\/\/www.europesays.com\/fr\/wp-json\/wp\/v2\/media?parent=471654"}],"wp:term":[{"taxonomy":"category","embeddable":true,"href":"https:\/\/www.europesays.com\/fr\/wp-json\/wp\/v2\/categories?post=471654"},{"taxonomy":"post_tag","embeddable":true,"href":"https:\/\/www.europesays.com\/fr\/wp-json\/wp\/v2\/tags?post=471654"}],"curies":[{"name":"wp","href":"https:\/\/api.w.org\/{rel}","templated":true}]}}