{"id":471656,"date":"2025-10-18T04:45:17","date_gmt":"2025-10-18T04:45:17","guid":{"rendered":"https:\/\/www.europesays.com\/fr\/471656\/"},"modified":"2025-10-18T04:45:17","modified_gmt":"2025-10-18T04:45:17","slug":"rennes-auxerre-a-quelle-heure-et-sur-quelle-chaine-voir-le-match-ligue-1","status":"publish","type":"post","link":"https:\/\/www.europesays.com\/fr\/471656\/","title":{"rendered":"Rennes \u2013 Auxerre : \u00e0 quelle heure et sur quelle cha\u00eene voir le match ? \u2013 Ligue 1"},"content":{"rendered":"<p>Le d\u00e9but de saison de Rennes est frustrant. Une seule d\u00e9faite figure \u00e0 son tableau de marche, mais les Rouge et Noir manquent cruellement d\u2019efficacit\u00e9 pour convertir leurs bonnes p\u00e9riodes en succ\u00e8s. Depuis leur derni\u00e8re victoire \u2014 obtenue contre Olympique Lyonnais apr\u00e8s la tr\u00eave de septembre \u2014 les Bretons ont laiss\u00e9 filer des points pr\u00e9cieux.<\/p>\n<p>D\u2019abord \u00e0 FC Nantes, o\u00f9 ils ont conc\u00e9d\u00e9 l\u2019\u00e9galisation dans les arr\u00eats de jeu (2-2), puis contre RC Lens malgr\u00e9 une sup\u00e9riorit\u00e9 num\u00e9rique pendant 90 minutes (0-0). Enfin, ils ont de nouveau cal\u00e9 au Le Havre AC, incapables de pr\u00e9server un avantage de deux buts (2-2). R\u00e9sultat : les Rennais, entra\u00een\u00e9s par Habib Beye, se classent virtuellement 10e, \u00e0 mi-chemin entre la zone de rel\u00e9gation et les places europ\u00e9ennes.<\/p>\n<p>La compo probable de Rennes : Samba \u2013 Rouault, Jacquet, Brassier \u2013 Blas, Camara, Rongier, Fofana, Merlin \u2013 Embolo, Lepaul.<\/p>\n<p>\u00a0<\/p>\n<p><a rel=\"sponsored nofollow noopener\" href=\"https:\/\/dazn.prf.hn\/click\/camref:1101l5iEE5\/pubref:rennes-auxerre\" target=\"_blank\">Voir le match ici !<\/a><\/p>\n<p>\u00a0<\/p>\n<p><strong>Auxerre en qu\u00eate d\u2019un second souffle<\/strong><\/p>\n<p>La situation est plus pr\u00e9occupante pour Auxerre. L\u2019\u00e9quipe de Christophe P\u00e9lissier a encha\u00een\u00e9 deux d\u00e9faites avant la tr\u00eave, contre Paris Saint-Germain (2-0) puis RC Lens (1-2). Avec d\u00e9j\u00e0 cinq revers en sept rencontres, l\u2019AJA occupe la 16e place, synonyme de position de barragiste virtuel.<\/p>\n<p>La formation icaunaise peine \u00e0 retrouver les automatismes qui lui avaient permis d\u2019\u00e9viter la lutte acharn\u00e9e pour le maintien la saison pass\u00e9e. Le d\u00e9placement en Bretagne s\u2019annonce donc comme un test majeur pour relancer une dynamique fragilis\u00e9e.<\/p>\n<p>La compo probable d\u2019Auxerre : L\u00e9on \u2013 Casimir, Senaya, Sierralta, Akpa, Mensah \u2013 Sinayoko, Owusu, Matondo, Namaso \u2013 Mara.<\/p>\n<p><strong>Sur quelle cha\u00eene et \u00e0 quelle heure voir Rennes \u2013 Auxerre ?<\/strong><\/p>\n<p>Le coup d\u2019envoi de cette rencontre de la 8e journ\u00e9e de Ligue 1 sera donn\u00e9 dimanche 19 octobre 2025 \u00e0 17 h 15. Le match sera diffus\u00e9 en exclusivit\u00e9 sur <a href=\"https:\/\/www.tkqlhce.com\/click-101527649-17139035\" rel=\"sponsored nofollow noopener\" target=\"_blank\">Ligue 1+<\/a>.<\/p>\n<p>\u00a0<\/p>\n<p><a rel=\"sponsored nofollow noopener\" href=\"https:\/\/dazn.prf.hn\/click\/camref:1101l5iEE5\/pubref:rennes-auxerre\" target=\"_blank\">Regarder Rennes &#8211; Auxerre ici !<\/a><\/p>\n<p>\u00a0<\/p>\n<p><strong>Comment suivre le match \u00e0 la t\u00e9l\u00e9vision ou en streaming ?<\/strong><\/p>\n<p>La plateforme Ligue 1+ propose plusieurs formules pour suivre le championnat fran\u00e7ais dans les meilleures conditions :<\/p>\n<p><a rel=\"sponsored nofollow noopener\" href=\"https:\/\/www.tkqlhce.com\/click-101527649-17139035\" target=\"_blank\">S&rsquo;abonner ici !<\/a><\/p>\n<p>\u00a0<\/p>\n<p>\u00a0<\/p>\n<p><strong>Les autres plateformes o\u00f9 s\u2019abonner \u00e0 Ligue 1+<\/strong><\/p>\n<p>Pour les abonn\u00e9s qui pr\u00e9f\u00e8rent regrouper leurs services sportifs, d\u2019autres solutions existent :<\/p>\n<ul>\n<li style=\"font-weight: 400;\">DAZN : abonnement combin\u00e9 \u00ab <a href=\"https:\/\/dazn.prf.hn\/click\/camref:1101l5iEE5\/pubref:rennes-auxerre\" rel=\"sponsored nofollow noopener\" target=\"_blank\">DAZN + Ligue 1+<\/a> \u00bb \u00e0 16,99 \u20ac\/mois, incluant d\u2019autres championnats europ\u00e9ens, ou <a href=\"https:\/\/dazn.prf.hn\/click\/camref:1101l5iEE5\/pubref:rennes-auxerre\" rel=\"sponsored nofollow noopener\" target=\"_blank\">formule Ligue 1+ seule<\/a> \u00e0 14,99 \u20ac\/mois.<\/li>\n<li style=\"font-weight: 400;\">Amazon Prime Video : possibilit\u00e9 d\u2019ajouter <a href=\"https:\/\/www.primevideo.com\/offers\/ref=atv_3p_amz_c_0lzIXJ_1_1?tag=letelegramme-21&amp;benefitId=ligueonefr\" rel=\"sponsored nofollow noopener\" target=\"_blank\">l\u2019option Ligue 1+<\/a> \u00e0 l\u2019abonnement Prime pour 14,99 \u20ac\/mois, avec engagement annuel.<\/li>\n<li style=\"font-weight: 400;\"><a href=\"https:\/\/www.awin1.com\/awclick.php?gid=448180&amp;mid=33125&amp;awinaffid=1753353&amp;linkid=3247029&amp;clickref=letelegramme-rennes-auxerre-151025\" rel=\"sponsored nofollow noopener\" target=\"_blank\">RMC Sport + Ligue 1+<\/a> : acc\u00e8s \u00e0 la Ligue 1 dans une offre multisport incluant notamment l\u2019UFC, la boxe et d\u2019autres comp\u00e9titions majeures.<\/li>\n<\/ul>\n<p>\u00a0<\/p>\n<p><a rel=\"sponsored nofollow noopener\" href=\"https:\/\/dazn.prf.hn\/click\/camref:1101l5iEE5\/pubref:rennes-auxerre\" target=\"_blank\">Profiter de l&rsquo;offre DAZN ici !<\/a><\/p>\n<p>\u00a0<\/p>\n<p>Pour Rennes, c\u2019est l\u2019occasion de concr\u00e9tiser une dynamique encore trop timide et de se replacer dans la premi\u00e8re moiti\u00e9 du tableau. Pour Auxerre, c\u2019est une \u00e9tape qui comptera dans la lutte pour le maintien.<\/p>\n","protected":false},"excerpt":{"rendered":"Le d\u00e9but de saison de Rennes est frustrant. Une seule d\u00e9faite figure \u00e0 son tableau de marche, mais&hellip;\n","protected":false},"author":2,"featured_media":471657,"comment_status":"","ping_status":"","sticky":false,"template":"","format":"standard","meta":{"footnotes":""},"categories":[2821],"tags":[1111,11,829,1777,674,1011,27,48888,12,584,25,517],"class_list":{"0":"post-471656","1":"post","2":"type-post","3":"status-publish","4":"format-standard","5":"has-post-thumbnail","7":"category-rennes","8":"tag-actu","9":"tag-actualites","10":"tag-bretagne","11":"tag-eu","12":"tag-europe","13":"tag-fr","14":"tag-france","15":"tag-guide-conso","16":"tag-news","17":"tag-rennes","18":"tag-republique-francaise","19":"tag-sport"},"share_on_mastodon":{"url":"https:\/\/pubeurope.com\/@fr\/115393352505576503","error":""},"_links":{"self":[{"href":"https:\/\/www.europesays.com\/fr\/wp-json\/wp\/v2\/posts\/471656","targetHints":{"allow":["GET"]}}],"collection":[{"href":"https:\/\/www.europesays.com\/fr\/wp-json\/wp\/v2\/posts"}],"about":[{"href":"https:\/\/www.europesays.com\/fr\/wp-json\/wp\/v2\/types\/post"}],"author":[{"embeddable":true,"href":"https:\/\/www.europesays.com\/fr\/wp-json\/wp\/v2\/users\/2"}],"replies":[{"embeddable":true,"href":"https:\/\/www.europesays.com\/fr\/wp-json\/wp\/v2\/comments?post=471656"}],"version-history":[{"count":0,"href":"https:\/\/www.europesays.com\/fr\/wp-json\/wp\/v2\/posts\/471656\/revisions"}],"wp:featuredmedia":[{"embeddable":true,"href":"https:\/\/www.europesays.com\/fr\/wp-json\/wp\/v2\/media\/471657"}],"wp:attachment":[{"href":"https:\/\/www.europesays.com\/fr\/wp-json\/wp\/v2\/media?parent=471656"}],"wp:term":[{"taxonomy":"category","embeddable":true,"href":"https:\/\/www.europesays.com\/fr\/wp-json\/wp\/v2\/categories?post=471656"},{"taxonomy":"post_tag","embeddable":true,"href":"https:\/\/www.europesays.com\/fr\/wp-json\/wp\/v2\/tags?post=471656"}],"curies":[{"name":"wp","href":"https:\/\/api.w.org\/{rel}","templated":true}]}}