{"id":471666,"date":"2025-10-18T04:50:12","date_gmt":"2025-10-18T04:50:12","guid":{"rendered":"https:\/\/www.europesays.com\/fr\/471666\/"},"modified":"2025-10-18T04:50:12","modified_gmt":"2025-10-18T04:50:12","slug":"deux-appartements-sinistres-et-cinq-personnes-relogees-apres-un-incendie-au-sud-de-nantes","status":"publish","type":"post","link":"https:\/\/www.europesays.com\/fr\/471666\/","title":{"rendered":"Deux appartements sinistr\u00e9s et cinq personnes relog\u00e9es apr\u00e8s un incendie au sud de Nantes"},"content":{"rendered":"<p>Un incendie a \u00e9clat\u00e9 dans un appartement situ\u00e9 au 1er \u00e9tage d\u2019un immeuble qui compte trois, rue Jesse-Owens \u00e0 Bouguenais. Le sinistre s\u2019est d\u00e9clar\u00e9 vendredi 17\u00a0octobre 2025 \u00e0 18\u00a0h\u00a050 et a \u00e9t\u00e9 \u00e9teint \u00a0au moyen de deux lances\u00a0, indique le centre op\u00e9rationnel d\u00e9partemental d\u2019incendie et de secours (Codis 44).<\/p>\n<p>Trois personnes confin\u00e9es pendant l\u2019incendie<\/p>\n<p>Huit personnes ont d\u00fb \u00eatre \u00e9vacu\u00e9es \u00a0et trois autres confin\u00e9es\u00a0, pendant l\u2019intervention des secours. Au total, six personnes sont relog\u00e9es, soit \u00a0cinq par la mairie et une par sa famille\u00a0.<\/p>\n<p>Deux appartements sont sinistr\u00e9s, \u00a0dont un par les flammes\u00a0. Dix-neuf soldats du feu sont intervenus.<\/p>\n<p>\u00a0<\/p>\n","protected":false},"excerpt":{"rendered":"Un incendie a \u00e9clat\u00e9 dans un appartement situ\u00e9 au 1er \u00e9tage d\u2019un immeuble qui compte trois, rue Jesse-Owens&hellip;\n","protected":false},"author":2,"featured_media":471667,"comment_status":"","ping_status":"","sticky":false,"template":"","format":"standard","meta":{"footnotes":""},"categories":[2818],"tags":[1111,11,40999,1777,674,1011,27,1310,766,12,2636,3744,41889,25,6689,39377,7053,9693],"class_list":{"0":"post-471666","1":"post","2":"type-post","3":"status-publish","4":"format-standard","5":"has-post-thumbnail","7":"category-nantes","8":"tag-actu","9":"tag-actualites","10":"tag-appartements","11":"tag-eu","12":"tag-europe","13":"tag-fr","14":"tag-france","15":"tag-incendie","16":"tag-nantes","17":"tag-news","18":"tag-pays-de-la-loire","19":"tag-personnes","20":"tag-relogees","21":"tag-republique-francaise","22":"tag-roche","23":"tag-sinistres","24":"tag-sud","25":"tag-yon"},"share_on_mastodon":{"url":"https:\/\/pubeurope.com\/@fr\/115393372058187379","error":""},"_links":{"self":[{"href":"https:\/\/www.europesays.com\/fr\/wp-json\/wp\/v2\/posts\/471666","targetHints":{"allow":["GET"]}}],"collection":[{"href":"https:\/\/www.europesays.com\/fr\/wp-json\/wp\/v2\/posts"}],"about":[{"href":"https:\/\/www.europesays.com\/fr\/wp-json\/wp\/v2\/types\/post"}],"author":[{"embeddable":true,"href":"https:\/\/www.europesays.com\/fr\/wp-json\/wp\/v2\/users\/2"}],"replies":[{"embeddable":true,"href":"https:\/\/www.europesays.com\/fr\/wp-json\/wp\/v2\/comments?post=471666"}],"version-history":[{"count":0,"href":"https:\/\/www.europesays.com\/fr\/wp-json\/wp\/v2\/posts\/471666\/revisions"}],"wp:featuredmedia":[{"embeddable":true,"href":"https:\/\/www.europesays.com\/fr\/wp-json\/wp\/v2\/media\/471667"}],"wp:attachment":[{"href":"https:\/\/www.europesays.com\/fr\/wp-json\/wp\/v2\/media?parent=471666"}],"wp:term":[{"taxonomy":"category","embeddable":true,"href":"https:\/\/www.europesays.com\/fr\/wp-json\/wp\/v2\/categories?post=471666"},{"taxonomy":"post_tag","embeddable":true,"href":"https:\/\/www.europesays.com\/fr\/wp-json\/wp\/v2\/tags?post=471666"}],"curies":[{"name":"wp","href":"https:\/\/api.w.org\/{rel}","templated":true}]}}