{"id":471668,"date":"2025-10-18T04:52:39","date_gmt":"2025-10-18T04:52:39","guid":{"rendered":"https:\/\/www.europesays.com\/fr\/471668\/"},"modified":"2025-10-18T04:52:39","modified_gmt":"2025-10-18T04:52:39","slug":"31-courriers-adresses-au-parquet-des-enquetes-a-venir-liberation","status":"publish","type":"post","link":"https:\/\/www.europesays.com\/fr\/471668\/","title":{"rendered":"31 courriers adress\u00e9s au parquet, des enqu\u00eates \u00e0 venir \u2013 Lib\u00e9ration"},"content":{"rendered":"<p class=\"sc-cPiKLX AiZTS text-element\">Plus de six d\u00e9cennies apr\u00e8s les faits, des enqu\u00eates p\u00e9nales vont \u00eatre diligent\u00e9es \u00abselon les situations\u00bb sur des r\u00e9v\u00e9lations de violences sexuelles au sein du <a href=\"https:\/\/www.liberation.fr\/societe\/education\/college-lycee-saint-stanislas-a-nantes-plus-de-60-temoignages-de-violences-sexuelles-recus-20250923_RQ5KUXMDFRG5ZEKIH57JNL7DXA\/?redirected=1\" target=\"_blank\" rel=\"noopener\" title=\"https:\/\/www.liberation.fr\/societe\/education\/college-lycee-saint-stanislas-a-nantes-plus-de-60-temoignages-de-violences-sexuelles-recus-20250923_RQ5KUXMDFRG5ZEKIH57JNL7DXA\/?redirected=1\">coll\u00e8ge-lyc\u00e9e Saint-Stanislas,<\/a> \u00e0 Nantes, annonce ce jeudi 16\u00a0octobre le parquet. Celui-ci a re\u00e7u \u00e0 ce jour pas moins de 31 d\u00e9clarations concernant l\u2019\u00e9tablissement d\u2019enseignement catholique. <\/p>\n<p class=\"sc-cPiKLX AiZTS text-element\">Fin septembre, un mois apr\u00e8s la conf\u00e9rence de presse qui \u00e9voquait de <a href=\"https:\/\/www.liberation.fr\/societe\/police-justice\/pedocriminalite-a-nantes-une-trentaine-de-temoignages-pour-violences-sexuelles-dans-des-etablissements-catholiques-20250904_2SVFQZHSKBB2ZEBQLNP7ZA3OGM\/\" target=\"_blank\" rel=\"noopener\" title=\"https:\/\/www.liberation.fr\/societe\/police-justice\/pedocriminalite-a-nantes-une-trentaine-de-temoignages-pour-violences-sexuelles-dans-des-etablissements-catholiques-20250904_2SVFQZHSKBB2ZEBQLNP7ZA3OGM\/\">premiers t\u00e9moignages<\/a> &#8211; courant des ann\u00e9es\u00a01950 \u00e0\u00a01990 -, le dioc\u00e8se de Nantes annon\u00e7ait avoir r\u00e9colt\u00e9 63 signalements concernant cet \u00e9tablissement. <\/p>\n<p class=\"sc-cPiKLX AiZTS text-element\">Parmi eux, \u00ab15 courriers \u00e9manent de victimes et 16 \u00e9manent de t\u00e9moins\u00bb, portant sur des faits \u00abcommis principalement dans les ann\u00e9es\u00a01960\u00bb, pr\u00e9cise le procureur de la R\u00e9publique de Nantes, Antoine Leroy. \u00abCertaines personnes se sont \u00e9galement rendues dans des commissariats de police pour donner des informations ou d\u00e9poser plainte\u00bb, ajoute-t-il, sans pr\u00e9ciser leur nombre. <\/p>\n<p class=\"sc-cPiKLX AiZTS text-element\">Neuf personnes sont mises en cause, principalement des membres du clerg\u00e9. Certaines sont d\u00e9c\u00e9d\u00e9es. \u00abSelon les situations, des enqu\u00eates p\u00e9nales vont \u00eatre diligent\u00e9es\u00bb, annonce le procureur. <\/p>\n<p class=\"sc-cPiKLX AiZTS text-element\">Une enqu\u00eate avait d\u00e9j\u00e0 \u00e9t\u00e9 ouverte au d\u00e9but du mois de septembre, apr\u00e8s le suicide en\u00a02024 d\u2019un quadrag\u00e9naire ayant affirm\u00e9 avoir \u00e9t\u00e9 victime de violences sexuelles lorsqu\u2019il \u00e9tait interne au coll\u00e8ge-lyc\u00e9e Saint-Stanislas.<\/p>\n<p class=\"sc-cPiKLX AiZTS text-element\">Fin septembre, un collectif de victimes a \u00e9t\u00e9 fond\u00e9. \u00abC\u2019est en le constituant qu\u2019on a d\u00e9couvert qu\u2019on \u00e9tait pass\u00e9s dans le m\u00eame syst\u00e8me de pr\u00e9dation\u00bb, t\u00e9moigne aupr\u00e8s de l\u2019AFP Emmanuel Cocaul, 60\u00a0ans, \u00e9l\u00e8ve \u00e0 Saint-Stanislas entre\u00a01976 et\u00a01984. <\/p>\n<p class=\"sc-cPiKLX AiZTS text-element\">D\u00e8s\u00a02020, il avait t\u00e9moign\u00e9 aupr\u00e8s de la <a href=\"https:\/\/www.liberation.fr\/societe\/religions\/rapport-de-la-ciase-cinq-grandes-affaires-de-pedocriminalite-de-leglise-catholique-en-france-20211005_UTLSKCS76JBEBMCRUAVM7E4GWA\/\" target=\"_blank\" rel=\"noopener\" title=\"https:\/\/www.liberation.fr\/societe\/religions\/rapport-de-la-ciase-cinq-grandes-affaires-de-pedocriminalite-de-leglise-catholique-en-france-20211005_UTLSKCS76JBEBMCRUAVM7E4GWA\/\">Commission ind\u00e9pendante sur les abus sexuels dans l\u2019\u00c9glise (Ciase)<\/a> d\u2019agressions sexuelles commises par un aum\u00f4nier &#8211; d\u00e9c\u00e9d\u00e9 depuis &#8211; entre ses 11 et 14\u00a0ans. \u00abJ\u2019ai toujours su que c\u2019\u00e9tait anormal, mais le syst\u00e8me ne reposait pas, \u00e0 la diff\u00e9rence de <a href=\"https:\/\/www.liberation.fr\/dossier\/betharram\/\" target=\"_blank\" rel=\"noopener\" title=\"https:\/\/www.liberation.fr\/dossier\/betharram\/\">B\u00e9tharram<\/a> par exemple, sur de la violence physique directe. C\u2019\u00e9tait plus doucereux. On se pensait seul\u00bb, d\u00e9clare-t-il. <\/p>\n<p class=\"sc-cPiKLX AiZTS text-element\">\u00abPeut-\u00eatre que ce type de pr\u00eatre rep\u00e8re les \u00e9l\u00e8ves solitaires. J\u2019\u00e9tais la brebis fragile, facile \u00e0 attraper\u00bb, raconte un autre membre du collectif, qui pr\u00e9f\u00e8re rester anonyme. Il ajoute avoir ressenti une \u00abgrande tristesse\u00bb, mais aussi une \u00abonce de soulagement\u00bb apr\u00e8s avoir appris qu\u2019il n\u2019\u00e9tait pas la seule victime. <\/p>\n<p class=\"sc-cPiKLX AiZTS text-element\">Le <a href=\"https:\/\/www.ciase.fr\/rapport-final\/\" target=\"_blank\" rel=\"noopener\" title=\"https:\/\/www.ciase.fr\/rapport-final\/\">rapport de la Ciase,<\/a> publi\u00e9 en\u00a02021, estimait \u00e0 330\u00a0000 le nombre de mineurs victimes de violences sexuelles au sein de l\u2019Eglise. 108\u00a0000 d\u2019entre elles auraient \u00e9t\u00e9 agress\u00e9es dans le cadre de l\u2019enseignement scolaire catholique, estime depuis le pr\u00e9sident de la Ciase, Jean-Marc Sauv\u00e9. <\/p>\n","protected":false},"excerpt":{"rendered":"Plus de six d\u00e9cennies apr\u00e8s les faits, des enqu\u00eates p\u00e9nales vont \u00eatre diligent\u00e9es \u00abselon les situations\u00bb sur des&hellip;\n","protected":false},"author":2,"featured_media":471669,"comment_status":"","ping_status":"","sticky":false,"template":"","format":"standard","meta":{"footnotes":""},"categories":[2818],"tags":[1111,11,15429,1777,674,1011,27,766,12,2636,49222,25,14615,799],"class_list":{"0":"post-471668","1":"post","2":"type-post","3":"status-publish","4":"format-standard","5":"has-post-thumbnail","7":"category-nantes","8":"tag-actu","9":"tag-actualites","10":"tag-enseignement-prive","11":"tag-eu","12":"tag-europe","13":"tag-fr","14":"tag-france","15":"tag-nantes","16":"tag-news","17":"tag-pays-de-la-loire","18":"tag-pedocriminalite-eglise","19":"tag-republique-francaise","20":"tag-violences-enseignement","21":"tag-violences-sexuelles"},"share_on_mastodon":{"url":"https:\/\/pubeurope.com\/@fr\/115393379835177524","error":""},"_links":{"self":[{"href":"https:\/\/www.europesays.com\/fr\/wp-json\/wp\/v2\/posts\/471668","targetHints":{"allow":["GET"]}}],"collection":[{"href":"https:\/\/www.europesays.com\/fr\/wp-json\/wp\/v2\/posts"}],"about":[{"href":"https:\/\/www.europesays.com\/fr\/wp-json\/wp\/v2\/types\/post"}],"author":[{"embeddable":true,"href":"https:\/\/www.europesays.com\/fr\/wp-json\/wp\/v2\/users\/2"}],"replies":[{"embeddable":true,"href":"https:\/\/www.europesays.com\/fr\/wp-json\/wp\/v2\/comments?post=471668"}],"version-history":[{"count":0,"href":"https:\/\/www.europesays.com\/fr\/wp-json\/wp\/v2\/posts\/471668\/revisions"}],"wp:featuredmedia":[{"embeddable":true,"href":"https:\/\/www.europesays.com\/fr\/wp-json\/wp\/v2\/media\/471669"}],"wp:attachment":[{"href":"https:\/\/www.europesays.com\/fr\/wp-json\/wp\/v2\/media?parent=471668"}],"wp:term":[{"taxonomy":"category","embeddable":true,"href":"https:\/\/www.europesays.com\/fr\/wp-json\/wp\/v2\/categories?post=471668"},{"taxonomy":"post_tag","embeddable":true,"href":"https:\/\/www.europesays.com\/fr\/wp-json\/wp\/v2\/tags?post=471668"}],"curies":[{"name":"wp","href":"https:\/\/api.w.org\/{rel}","templated":true}]}}