{"id":471678,"date":"2025-10-18T04:58:18","date_gmt":"2025-10-18T04:58:18","guid":{"rendered":"https:\/\/www.europesays.com\/fr\/471678\/"},"modified":"2025-10-18T04:58:18","modified_gmt":"2025-10-18T04:58:18","slug":"balzac-paris-bolkiri-escapad-25-nouvelles-ouvertures-de-boutiques-magasins-et-restaurants-a-lille","status":"publish","type":"post","link":"https:\/\/www.europesays.com\/fr\/471678\/","title":{"rendered":"Balzac Paris, Bolkiri, Escapad&#8230; 25 nouvelles ouvertures de boutiques, magasins et restaurants \u00e0 Lille"},"content":{"rendered":"<p>            Par<br \/>\n        <strong><br \/>\n            <a href=\"https:\/\/actu.fr\/auteur\/hervine-mahaud\" title=\"Consulter tous les articles de Hervine Mahaud\" target=\"_blank\" rel=\"noopener\">Hervine Mahaud<\/a><br \/>\n        <\/strong><\/p>\n<p>        Publi\u00e9 le<\/p>\n<p>            18 oct. 2025 \u00e0 6h02        <\/p>\n<p>Le rythme des <b>ouvertures<\/b> de <a href=\"https:\/\/actu.fr\/tag\/nouveaux-commerces\" target=\"_blank\" rel=\"noopener\">nouveaux commerces<\/a> reste toujours aussi effr\u00e9n\u00e9 \u00e0 <a href=\"https:\/\/actu.fr\/lille\/\" target=\"_blank\" rel=\"noopener\">Lille<\/a>. Cet automne, bon nombre d\u2019enseignes ont ouvert leurs portes dans la capitale des Flandres, et d\u2019autres sont sur le point d\u2019\u00eatre inaugur\u00e9es. <b>Magasins de grandes cha\u00eenes, boutiques ind\u00e9pendantes, petites ou grandes marques, bars, restaurants et coffee shops<\/b>\u2026 L\u2019actualit\u00e9 commerciale est \u00e9tonnamment riche, <a href=\"https:\/\/actu.fr\/hauts-de-france\/lille_59350\/situation-intenable-contexte-economique-complique-ces-six-commerces-qui-ferment-a-lille_63260543.html\" target=\"_blank\" rel=\"noopener\">malgr\u00e9 un contexte \u00e9conomique compliqu\u00e9<\/a>.<\/p>\n<p>Balzac Paris<\/p>\n<p class=\" wall-content\"><a href=\"https:\/\/actu.fr\/hauts-de-france\/lille_59350\/balzac-paris-fait-son-grand-retour-dans-le-vieux-lille-avec-louverture-prochaine-dune-boutique_63195215.html\" target=\"_blank\" rel=\"noopener\">Comme on l\u2019\u00e9crivait il y a quelques semaines<\/a>, <b>Balzac Paris<\/b> fait son grand retour dans le Vieux-Lille. La griffe cr\u00e9\u00e9e par Chrysoline de Gastine s\u2019installera au <b>16 rue des Chats Bossus<\/b>, l\u00e0 o\u00f9 se trouvait auparavant Bouchara et Massimo Dutti. La date d\u2019ouverture n\u2019est pas encore connue, mais elle pourrait intervenir entre mi-novembre et d\u00e9but d\u00e9cembre en fonction de l\u2019avanc\u00e9e des travaux.<\/p>\n<p>    <img   decoding=\"async\" loading=\"lazy\" class=\"size-large\" src=\"https:\/\/www.europesays.com\/fr\/wp-content\/uploads\/2025\/10\/04c0386c61f8628c0386c61f81cc03v-960x640.jpg\" alt=\"balzac paris vieux lille rue des chats bossus\" width=\"960\" height=\"640\"\/><br \/>\n    balzac paris vieux lille rue des chats bossus \u00a9Hervine MahaudBolkiri<\/p>\n<p class=\" wall-content\">D\u00e9j\u00e0 implant\u00e9e rue Gambetta depuis le printemps dernier, l\u2019enseigne de street-food vietnamienne poursuit son d\u00e9veloppement en France, et donc \u00e0 Lille. Cette fois, le restaurant sera situ\u00e9 <b>5 rue du Priez<\/b>, \u00e0 proximit\u00e9 imm\u00e9diate de la gare Lille Flandres. Au menu : bols banh mi, bo bun, soupe pho, pad tha\u00ef et autres sp\u00e9cialit\u00e9s asiatiques.<\/p>\n<p>    <img   decoding=\"async\" loading=\"lazy\" class=\"size-large\" src=\"https:\/\/www.europesays.com\/fr\/wp-content\/uploads\/2025\/10\/17fd312b61f863bfd312b61f81ffd3v-960x640.jpg\" alt=\"bolkiri lille\" width=\"960\" height=\"640\"\/><br \/>\n    bolkiri lille \u00a9Nicolas DemollienDelirium Caf\u00e9<\/p>\n<p class=\" wall-content\"><a href=\"https:\/\/actu.fr\/hauts-de-france\/lille_59350\/lille-la-marque-delirium-va-faire-un-retour-fracassant-avec-louverture-dun-bar-de-800-m%C2%B2_63304616.html\" target=\"_blank\" rel=\"noopener\">Nous vous l\u2019annoncions ici<\/a> : apr\u00e8s la fermeture des <b>Delirium Caf\u00e9<\/b> de la rue Mass\u00e9na et de la rue Royale, un nouveau bar \u00e0 l\u2019effigie de l\u2019\u00e9l\u00e9phant rose va ouvrir. Ce futur bar de 800m2 sera situ\u00e9 en plein centre de Lille, au <b>14 rue L\u00e9on Trulin<\/b>, \u00e0 la place du Soho Urban Food ferm\u00e9 depuis mai. On ignore encore la date d\u2019ouverture de ce lieu, que l\u2019on doit au Social Group (Cartel, Amor Amor, Fada\u2026).<\/p>\n<p>    <img   decoding=\"async\" loading=\"lazy\" class=\"size-large\" src=\"https:\/\/www.europesays.com\/fr\/wp-content\/uploads\/2025\/10\/b19f512b61f86a59f512b61f8799f5v-960x640.jpg\" alt=\"delirium cafe lille\" width=\"960\" height=\"640\"\/><br \/>\n    delirium cafe lille \u00a9Apple Photos Clean UpJohn Weng et Baby Weng<\/p>\n<p class=\" wall-content\">Le 7 octobre, le bistro asiatique <b>John Weng<\/b> a ouvert au <b>21 rue de Gand<\/b>. <a href=\"https:\/\/actu.fr\/hauts-de-france\/lille_59350\/vieux-lille-john-weng-le-bistro-asiatique-aux-plats-creatifs-debarque-rue-de-gand_63273455.html\" target=\"_blank\" rel=\"noopener\">Comme on vous l\u2019expliquait ici<\/a>, le concept propose des plats de bistro avec un twist venu d\u2019Asie. Mais ce n\u2019est pas tout ! <b>Baby Weng<\/b>, le petit fr\u00e8re, arrive aussi rue de Gand, \u00e0 la place de\u00a0La cave \u00e0 vins Monsieur Jacques. Il s\u2019agira cette fois d\u2019un bar avec\u00a0cocktails au sak\u00e9\u00a0et\u00a0tapas nippones. Les amateurs de karaok\u00e9 devraient aussi trouver leur compte. Ouverture pr\u00e9vue courant novembre.<\/p>\n<p>Votre r\u00e9gion, votre actu !<\/p>\n<p>Recevez chaque jour les infos qui comptent pour vous.<\/p>\n<p>\t<a href=\"https:\/\/actu.fr\/newsletter\" class=\"ac-btn ac-btn--corner ac-btn--medium ac-btn--blue800\" target=\"_blank\" rel=\"noopener\">S&rsquo;incrire<\/a><br \/>\nEscapad<\/p>\n<p class=\" wall-content\">D\u00e9butants, amateurs ou sportifs confirm\u00e9s, ce nouveau spot devrait vous plaire. <b>Escapad<\/b> propose de l\u2019escalade de bloc et du padel au 2\u00e8me \u00e9tage du centre commercial <b>Westfield Euralille<\/b>. Le lieu comportera aussi un bar et un restaurant. Ouverture pr\u00e9vue prochainement.<\/p>\n<p>    <img   decoding=\"async\" loading=\"lazy\" class=\"size-large\" src=\"https:\/\/www.europesays.com\/fr\/wp-content\/uploads\/2025\/10\/f40b612b61f86190b612b61f80d0b6v-960x640.jpg\" alt=\"escapad lille\" width=\"960\" height=\"640\"\/><br \/>\n    escapad lille \u00a9Hervine MahaudLes Mondes Fantastiques<\/p>\n<p class=\" wall-content\">Changeons de centre pour se tourner vers celui de Lille-Sud. C\u2019est donc \u00e0 <a href=\"https:\/\/actu.fr\/hauts-de-france\/lille_59350\/lille-restaurant-loisirs-magasins-des-nouveautes-arrivent-au-centre-commercial-lillenium_63010364.html\" target=\"_blank\" rel=\"noopener\">Lillenium<\/a> qu\u2019ouvrira prochainement un nouveau lieu de loisirs. Il s\u2019agit de la suite du <a href=\"https:\/\/actu.fr\/hauts-de-france\/lille_59350\/bar-a-potions-boutiques-enigmes-un-lieu-de-1200-m%C2%B2-dediee-a-harry-potter-ouvre-a-lille_60314528.html\" target=\"_blank\" rel=\"noopener\">D\u00e9fi des Sorciers<\/a>, une aventure immersive sur le th\u00e8me d\u2019Harry Potter qui avait rencontr\u00e9 un beau succ\u00e8s. Cette fois, le centre promet quelque chose de \u00ab\u00a0spectaculaire, qui plonge les visiteurs dans des univers fantastiques \u00e9poustouflants.\u00a0\u00bb Rendez-vous \u00e0 partir du 24 octobre au 2\u00e8me \u00e9tage du centre.<\/p>\n<p>Latte<\/p>\n<p class=\" wall-content\"><a href=\"https:\/\/actu.fr\/hauts-de-france\/lille_59350\/latte-le-mini-cafe-de-rosa-bohneur-ouvre-ses-portes-a-lille_59867782.html\" target=\"_blank\" rel=\"noopener\">L\u2019adorable coffee shop de la rue de Roubaix<\/a> va bient\u00f4t avoir un petit (mais plus grand) fr\u00e8re. Tess, la fondatrice, a choisi un local situ\u00e9 au <b>2 rue de Cambrai<\/b>, juste en face du parc JB Lebas, pour ouvrir un nouveau point de vente. On y retrouvera toujours les caf\u00e9s de sp\u00e9cialit\u00e9, matcha, ube et autres boissons d\u00e9licieuses \u00e0 consommer sur place, ou \u00e0 emporter. Il y aura aussi une offre sal\u00e9e avec des bagels, mais aussi des viennoiseries et p\u00e2tisseries. Rendez-vous courant novembre.<\/p>\n<p>Bectons<\/p>\n<p class=\" wall-content\">Les fondateurs des <a href=\"https:\/\/actu.fr\/hauts-de-france\/lille_59350\/lille-une-premiere-annee-tres-tres-positive-freres-pinard_21196024.html\" target=\"_blank\" rel=\"noopener\">Fr\u00e8res Pinard, sp\u00e9cialistes de l\u2019ap\u00e9ro<\/a>, ouvrent <b>Bectons<\/b> au <b>13 rue des Vieux Murs<\/b>. Au menu, des encas gourmands comme des hot-dogs, croques, salades et sandwichs faluche, pr\u00e9par\u00e9s avec de\u00a0bons produits du terroir. Le lieu de 55 m2 comptera 19 places assises. On pourra s\u2019y attabler \u00e0 partir de mi-novembre. <a href=\"https:\/\/actu.fr\/hauts-de-france\/lille_59350\/vieux-lille-bectons-le-nouveau-resto-sur-le-pouce-des-freres-pinard-aux-produits-100-francais_63162329.html\" target=\"_blank\" rel=\"noopener\">On vous en dit plus ici<\/a>.<\/p>\n<p>Torchon<\/p>\n<p class=\" wall-content\">Une autre sandwicherie va aussi r\u00e9galer le centre-ville prochainement : <b>Torchon<\/b>. Les sandwichs seront pr\u00e9par\u00e9s \u00e0 la minute \u00e0 partir de produits de qualit\u00e9.\u00a0Rendez-vous d\u00e9but 2026 au <b>33 boulevard Carnot<\/b> pour d\u00e9couvrir l\u2019offre.<\/p>\n<p class=\" wall-content\"><a href=\"https:\/\/www.instagram.com\/p\/DOtfvUWiJFj\/embed\" title=\"Ouvrir le lien sur Instagram\" target=\"_blank\" rel=\"noopener\">Visualiser le contenu sur Instagram<\/a><\/p>\n<p>Sikera<\/p>\n<p class=\" wall-content\">Le\u00a0groupe \u00ab\u00a0Les Intr\u00e9pides\u00a0\u00bb<b>, <\/b>\u00e0 l\u2019origine des restaurants La cr\u00eaperie de Lille et La cr\u00eaperie du Sebasto, va ouvrir <b>Sikera<\/b> au <b>2 rue H\u00e9gel (Euratechnologies)<\/b>. Dans ce nouvel \u00e9tablissement de 200 places assises, dont 130 en int\u00e9rieur et 70 en terrasse, vous pourrez<b> <\/b>\u00a0profiter d\u2019une<b>\u00a0mezzanine\u00a0<\/b>et d\u00e9guster des\u00a0sp\u00e9cialit\u00e9s sal\u00e9es et sucr\u00e9es midi et soir. L\u2019ouverture, initialement pr\u00e9vue le 20 octobre, a d\u00fb \u00eatre repouss\u00e9e. <a href=\"https:\/\/actu.fr\/hauts-de-france\/lille_59350\/les-intrepides-rois-de-la-crepe-a-lille-vont-ouvrir-un-nouveau-resto-et-bar-afterwork-a-euratech_63223781.html\" target=\"_blank\" rel=\"noopener\">Plus d\u2019infos dans notre article<\/a>.<\/p>\n<p>Sa\u2019sha Studio<\/p>\n<p class=\" wall-content\">Un nouveau salon de beaut\u00e9 se pr\u00e9pare \u00e0 \u00e9clore au <b>47 rue d\u2019Angleterre<\/b> dans le Vieux-Lille. La sp\u00e9cialit\u00e9 de <b>Sa\u2019sha<\/b> ? L\u2019\u00e9pilation au fil pour un travail de pr\u00e9cision. Le studio proposera aussi des prestations de maquillage semi permanent (sourcils, l\u00e8vres, grain de beaut\u00e9\u2026). Rendez-vous dans le courant de l\u2019automne pour l\u2019inauguration.<\/p>\n<p>    <img   decoding=\"async\" loading=\"lazy\" class=\"size-large\" src=\"https:\/\/www.europesays.com\/fr\/wp-content\/uploads\/2025\/10\/3281a3db61f868681a3db61f88a81av-960x640.jpg\" alt=\"Sa'sha studio vieux lille\" width=\"960\" height=\"640\"\/><br \/>\n    Sa\u2019sha studio vieux lille \u00a9Hervine MahaudAuma\u00a0<\/p>\n<p class=\" wall-content\">Apr\u00e8s un premier pop-up store situ\u00e9 4 rue Basse, la jolie s\u00e9lection mode et d\u00e9co d\u2019<b>Auma<\/b> est de retour dans le Vieux-Lille, cette fois au <b>37 rue Basse<\/b>. L\u2019ouverture a lieu ce samedi 18 octobre. L\u2019adresse devrait \u00e0 nouveau faire le plein, \u00e0 l\u2019approche des f\u00eates de fin d\u2019ann\u00e9e.<\/p>\n<p>    <img   decoding=\"async\" loading=\"lazy\" class=\"size-large\" src=\"https:\/\/www.europesays.com\/fr\/wp-content\/uploads\/2025\/10\/8e6b1a5532f86827b1a5532f8667b1v-960x640.jpg\" alt=\"Auma boutique lille\" width=\"960\" height=\"640\"\/><br \/>\n    Auma boutique lille \u00a9Hervine MahaudFromagerie Gaillard<\/p>\n<p class=\" wall-content\">Cr\u00e9mier et fromager depuis 8 ans, Thibaut s\u2019appr\u00eate \u00e0 ouvrir la <b>Fromagerie Gaillard<\/b> au <b>65 rue Pierre Mauroy<\/b> (\u00e0 la place de la libraire Autour du Monde qui a d\u00e9m\u00e9nag\u00e9 138 rue Gambetta). \u00ab\u00a0J\u2019ai h\u00e2te de vous faire d\u00e9couvrir ma s\u00e9lection de fromages, mes cr\u00e9ations, mes affinages, mes plateaux mais aussi ma charcuterie et mes petites p\u00e9pites en \u00e9picerie fine\u00a0\u00bb, annonce l\u2019artisan affineur sur Instagram. L\u2019ouverture est pr\u00e9vue le 24 octobre.<\/p>\n<p class=\" wall-content\"><a href=\"https:\/\/www.instagram.com\/p\/DPftuRHjbKz\/embed\" title=\"Ouvrir le lien sur Instagram\" target=\"_blank\" rel=\"noopener\">Visualiser le contenu sur Instagram<\/a><\/p>\n<p>Thida Angkor Bar<\/p>\n<p class=\" wall-content\">Depuis le 1er septembre 2025, on peut s\u2019offrir un voyage pour le Cambodge en s\u2019attablant au <b>Thida Angkor Bar<\/b>. Situ\u00e9 au <b>97 rue Saint-Andr\u00e9<\/b>, <a href=\"https:\/\/actu.fr\/hauts-de-france\/lille_59350\/nouveau-a-lille-le-restaurant-juno-sert-ses-plats-a-la-truffe-rue-saint-andre_59644779.html\" target=\"_blank\" rel=\"noopener\">\u00e0 la place de Juno<\/a>, ce bar-restaurant propose des sp\u00e9cialit\u00e9s cambodgiennes et d\u2019Asie du sud-est. <a href=\"https:\/\/actu.fr\/hauts-de-france\/lille_59350\/depuis-le-vieux-lille-voyagez-au-cambodge-au-thida-angkor-bar_63297530.html\" target=\"_blank\" rel=\"noopener\">On vous en parle en d\u00e9tail dans cet article<\/a>.\u00a0<\/p>\n<p>Petit Comptoir<\/p>\n<p class=\" wall-content\">Vous connaissez le <a href=\"https:\/\/actu.fr\/hauts-de-france\/lille_59350\/lille-le-comptoir-des-copains-bar-spacieux-et-cantine-de-quartier-a-ouvert-pres-de-rihour_56072468.html\" target=\"_blank\" rel=\"noopener\">Comptoir des Copains, ouvert en d\u00e9cembre 2022 non loin de Rihour<\/a> ? Voici son petit fr\u00e8re, inaugur\u00e9 le 15 septembre dernier. Rendez-vous au <b>28 rue des Foss\u00e9s<\/b> pour siroter un cocktail ou trinquer avec une bi\u00e8re.<\/p>\n<p class=\" wall-content\"><a href=\"https:\/\/www.instagram.com\/p\/DOYlLpgjLsc\/embed\" title=\"Ouvrir le lien sur Instagram\" target=\"_blank\" rel=\"noopener\">Visualiser le contenu sur Instagram<\/a><\/p>\n<p>Plaids Cocooning<\/p>\n<p class=\" wall-content\">C\u2019est l\u2019adresse incontournable pour trouver ses cadeaux de No\u00ebl : <b>Plaids Cocooning<\/b>. Rebaptis\u00e9e <b>Waro<\/b>, la marque nordiste sp\u00e9cialis\u00e9e dans les plaids chauds et moelleux a ouvert une boutique juste \u00e0 temps pour la <a href=\"https:\/\/actu.fr\/tag\/braderie-de-lille\" target=\"_blank\" rel=\"noopener\">Braderie de Lille<\/a>, au <b>93 rue Esquermoise<\/b> (\u00e0 la place des guirlandes lumineuses La Case de Cousin Paul).<\/p>\n<p>    <img   decoding=\"async\" loading=\"lazy\" class=\"size-large\" src=\"https:\/\/www.europesays.com\/fr\/wp-content\/uploads\/2025\/10\/5385812b61f868785812b61f87b858v-960x640.jpg\" alt=\"waro plaids cocoonings lille\" width=\"960\" height=\"640\"\/><br \/>\n    waro plaids cocoonings lille \u00a9Hervine MahaudOakberry<\/p>\n<p class=\" wall-content\">Depuis le 13 septembre, l\u2019enseigne br\u00e9silienne <b>Oakberry<\/b> a ouvert une boutique \u00e0 Lille-Centre. On peut y d\u00e9guster ses fameux a\u00e7a\u00ed bowls, d\u00e9licieux et bons pour la sant\u00e9. Rendez-vous au <b>54 rue Faidherbe<\/b> pour d\u00e9couvrir cette petite baie et ses bienfaits. <a href=\"https:\/\/actu.fr\/hauts-de-france\/lille_59350\/oakberry-debarque-a-lille-ses-acai-bowls-gourmands-et-bons-pour-la-sante-ont-seduit-le-monde-entier_63182805.html\" target=\"_blank\" rel=\"noopener\">Plus d\u2019infos dans notre article d\u00e9di\u00e9<\/a>.<\/p>\n<p>Flam<\/p>\n<p class=\" wall-content\">Apr\u00e8s un encas sain et gourmand, direction le <b>163 rue Nationale<\/b>. C\u2019est ici que, depuis le 15 septembre, <b>Flam<\/b> a ouvert son studio de <b>Pilates Reformer<\/b>. Cette <a href=\"https:\/\/actu.fr\/sports\/video-on-teste-le-pilates-reformer-et-sa-machine-de-torture-sport-qui-affole-tiktok-et-instagram_62146106.html\" target=\"_blank\" rel=\"noopener\">machine dot\u00e9e de ressorts<\/a> permet de travailler les muscles en profondeur. Un studio du m\u00eame genre a ouvert au sud de Lille, <a href=\"https:\/\/actu.fr\/hauts-de-france\/wattignies_59648\/pilates-reformer-yoga-le-sud-de-lille-se-dote-enfin-dun-studio-a-la-pointe-des-tendances-bien-etre_62905239.html\" target=\"_blank\" rel=\"noopener\">on vous en parlait ici<\/a>.<\/p>\n<p class=\" wall-content\"><a href=\"https:\/\/www.instagram.com\/p\/DOEVwWqDGBH\/embed\" title=\"Ouvrir le lien sur Instagram\" target=\"_blank\" rel=\"noopener\">Visualiser le contenu sur Instagram<\/a><\/p>\n<p>Le Coin des Barons<\/p>\n<p class=\" wall-content\">Depuis le 26 septembre, les collectionneurs de cartes, notamment Pok\u00e9mon, ont un nouveau repaire en plein centre de Lille. C\u2019est au <b>54 rue de B\u00e9thune<\/b>, \u00e0 la place de la boutique de seconde main Mad Vintage, que <b>Le Coin des Barons<\/b> a ouvert une nouvelle boutique. L\u2019enseigne, qui assure avoir \u00ab\u00a0le plus gros stock de France\u00a0\u00bb, organise des \u00e9v\u00e9nements tout au long de l\u2019ann\u00e9e, comme des concours de dessins ou bourses d\u2019\u00e9changes.<\/p>\n<p>    <img   decoding=\"async\" loading=\"lazy\" class=\"size-large\" src=\"https:\/\/www.europesays.com\/fr\/wp-content\/uploads\/2025\/10\/b147612b61f86d547612b61f8b9476v-960x640.jpg\" alt=\"le coin des barons lille\" width=\"960\" height=\"640\"\/><br \/>\n    le coin des barons lille \u00a9Nicolas DemollienAlbedo Kitchen<\/p>\n<p class=\" wall-content\">Depuis le 27 septembre 2025, <b>Albedo Kitchen<\/b> r\u00e9gale au<b> 222 rue L\u00e9on Gambetta<\/b>. Cette nouvelle adresse est \u00e0 la fois un restaurant vegan,\u00a0un lieu d\u2019engagement \u00e9cologique et un espace artistique. <a href=\"https:\/\/actu.fr\/hauts-de-france\/lille_59350\/lille-albedo-kitchen-le-nouveau-restaurant-vegetal-artistique-et-engage-ouvre-rue-gambetta_63206973.html\" target=\"_blank\" rel=\"noopener\">On vous en dit plus dans cet article<\/a>.<\/p>\n<p>Maison Scarlett<\/p>\n<p class=\" wall-content\">Un concept qui a cartonn\u00e9 l\u2019hiver dernier fait son retour dans le Vieux-Lille. <a href=\"https:\/\/actu.fr\/hauts-de-france\/lille_59350\/vieux-lille-plus-de-200-modeles-de-boites-a-bijoux-dans-cette-nouvelle-boutique_61878637.html\" target=\"_blank\" rel=\"noopener\">La marque Maison Scarlett, qui avait propos\u00e9 pas moins de 200 mod\u00e8les de bo\u00eetes \u00e0 bijoux<\/a> rue Lepelletier, est de retour au <b>27 rue de la Grande Chauss\u00e9e<\/b>. Cette fois, plus de 300 r\u00e9f\u00e9rences seront disponibles. La boutique \u00e9ph\u00e9m\u00e8re est ouverte depuis le 8 octobre.<\/p>\n<p>Billybelt<\/p>\n<p class=\" wall-content\">Voici une autre adresse \u00e0 ne pas louper pour faire ses achats de fin d\u2019ann\u00e9e. La marque lilloise <b>Billybelt<\/b> a ouvert son pop-up store le 10 octobre au <b>1 rue de la Monnaie<\/b> (\u00e0 la place de la boutique de chaussures Florence Kooijman). En plus des fameuses ceintures tress\u00e9es, on y retrouve des chaussettes, \u00e9charpes, foulards, bonnets, vestes, sweats\u2026 Autant de pi\u00e8ces propos\u00e9es pour hommes et femmes. <a href=\"https:\/\/actu.fr\/hauts-de-france\/lille_59350\/vieux-lille-la-marque-lilloise-coloree-billybelt-ouvre-sa-boutique-ephemere-a-temps-pour-noel_63303392.html\" target=\"_blank\" rel=\"noopener\">On vous en dit plus dans cet article<\/a>.<\/p>\n<p>Cash Express<\/p>\n<p class=\" wall-content\">Le sp\u00e9cialiste de l\u2019achat-vente d\u2019occasion \u00e9tend son r\u00e9seau avec cette ouverture lilloise. Situ\u00e9e <b>20 rue du Sec Arembaut<\/b> (\u00e0 la place du <a href=\"https:\/\/actu.fr\/hauts-de-france\/lille_59350\/le-buzz-specialiste-basket-ouvre-une-deuxieme-boutique-lille-recrute_21718330.html\" target=\"_blank\" rel=\"noopener\">magasin de baskets Le Buzz<\/a>, puis de WeFix), la boutique a ouvert le 13 octobre. La premi\u00e8re semaine est consacr\u00e9e aux rachats pour constituer le stock du point de vente.<\/p>\n<p>    <img   decoding=\"async\" loading=\"lazy\" class=\"size-large\" src=\"https:\/\/www.europesays.com\/fr\/wp-content\/uploads\/2025\/10\/a67943b071f86aa7943b071f88e794v-960x640.jpg\" alt=\"cash express lille\" width=\"960\" height=\"640\"\/><br \/>\n    cash express lille \u00a9Nicolas DemollienBouillon Baroque \u00e0 Lillenium<\/p>\n<p class=\" wall-content\">Le centre commercial de Lille-Sud fait <a href=\"https:\/\/actu.fr\/hauts-de-france\/lille_59350\/jouets-resto-loisirs-le-centre-commercial-lillenium-annonce-plein-douvertures-pour-la-fin-dannee_63300666.html\" target=\"_blank\" rel=\"noopener\">le plein de nouveaut\u00e9s pour la fin d\u2019ann\u00e9e<\/a>. En plus d\u2019une nouvelle aventure immersive et d\u2019une <a href=\"https:\/\/actu.fr\/hauts-de-france\/lille_59350\/noel-sans-casser-sa-tirelire-un-magasin-de-jouets-de-grandes-marques-a-prix-mini-va-ouvrir-a-lillenium_63214796.html\" target=\"_blank\" rel=\"noopener\">boutique de jouets \u00e0 petits prix<\/a>, un restaurant pas comme les autres a \u00e9t\u00e9 inaugur\u00e9 le 14 octobre. Chez <b>Bouillon Baroque<\/b>, on peut profiter d\u2019une cuisine g\u00e9n\u00e9reuse et accessible. L\u2019adresse est \u00e9galement un centre de formation pour des \u00e9l\u00e8ves.<\/p>\n<p>Trench &amp; Coat<\/p>\n<p class=\" wall-content\">Le 17 octobre, la marque nordiste, sp\u00e9cialiste dans la confection de trenchs, pardessus et autres manteaux, ouvre une boutique \u00e9ph\u00e9m\u00e8re au <b>9 rue du Cur\u00e9 Saint-\u00c9tienne<\/b>. \u00ab\u00a0L\u2019occasion parfaite pour d\u00e9couvrir et essayer nos manteaux en vrai, profiter de conseils personnalis\u00e9s, et vivre l\u2019exp\u00e9rience <b>Trench &amp; Coat<\/b> en physique\u00a0\u00bb, se r\u00e9jouit l\u2019enseigne.<\/p>\n<p>    <img   decoding=\"async\" loading=\"lazy\" class=\"size-large\" src=\"https:\/\/www.europesays.com\/fr\/wp-content\/uploads\/2025\/10\/6613712b61f865a13712b61f82e137v-960x640.jpg\" alt=\"trench and coat lille\" width=\"960\" height=\"640\"\/><br \/>\n    trench and coat lille \u00a9Hervine MahaudDes nouvelles des ouvertures que nous vous avions annonc\u00e9es<\/p>\n<p class=\" wall-content\">En juillet et en septembre, nous avions publi\u00e9 d\u2019autres articles r\u00e9capitulant les ouvertures \u00e0 venir. Voici les inaugurations qui ont eu lieu depuis les publications : la boutique <a href=\"https:\/\/actu.fr\/hauts-de-france\/lille_59350\/lesthete-pionnier-du-streetwear-de-luxe-a-lille-ouvre-sa-boutique-de-vetements-pour-femmes_63161403.html\" target=\"_blank\" rel=\"noopener\">Lesthete Women<\/a> le 12 septembre, le nouveau <a href=\"https:\/\/actu.fr\/hauts-de-france\/lille_59350\/lille-flunch-lance-faim-un-nouveau-concept-de-restauration-sans-caisse-une-premiere-en-france_63174523.html\" target=\"_blank\" rel=\"noopener\">concept food de Flunch Faim<\/a> et <a href=\"https:\/\/actu.fr\/hauts-de-france\/lille_59350\/vieux-lille-croissant-sale-cake-cafe-mamie-une-pause-gourmande-et-conviviale-au-cafe-francoise_63239025.html\" target=\"_blank\" rel=\"noopener\">Caf\u00e9 Fran\u00e7oise<\/a> le 15 septembre, la <a href=\"https:\/\/actu.fr\/hauts-de-france\/lille_59350\/vieux-lille-alain-ducasse-ouvre-sa-boutique-de-chocolat-rue-esquermoise-voici-ce-quon-y-trouve_63207919.html\" target=\"_blank\" rel=\"noopener\">chocolaterie Alain Ducasse<\/a> le 16 septembre, le <a href=\"https:\/\/actu.fr\/hauts-de-france\/lille_59350\/lille-explorez-toutes-les-saveurs-de-lasie-avec-tao-le-nouveau-resto-asiatique-de-gambetta_63197260.html\" target=\"_blank\" rel=\"noopener\">resto asiatique Tao<\/a> le 23 septembre, le <a href=\"https:\/\/actu.fr\/hauts-de-france\/lille_59350\/vieux-lille-cafes-et-patisseries-dexception-chez-bienvenue-le-nouveau-coffee-shop-de-la-rue-esquermoise_63261950.html\" target=\"_blank\" rel=\"noopener\">coffee shop Bienvenue<\/a>, <a href=\"https:\/\/actu.fr\/hauts-de-france\/lille_59350\/lille-cette-celebre-enseigne-de-la-grande-distribution-debarque-place-de-bethune-louverture-est-imminente_63219568.html\" target=\"_blank\" rel=\"noopener\">Intermarch\u00e9<\/a> et la parfumerie Nocib\u00e9 d\u2019Euralille le 30 septembre, et <a href=\"https:\/\/actu.fr\/hauts-de-france\/lille_59350\/vieux-lille-un-resto-de-focaccias-va-ouvrir-ses-portes-en-septembre-pour-des-pauses-dej-savoureuses_62982586.html\" target=\"_blank\" rel=\"noopener\">Novettino, sp\u00e9cialiste des focaccias<\/a> le 14 octobre.<\/p>\n<p class=\" wall-content\">Nous avons \u00e9galement appris la date d\u2019ouverture de <a href=\"https:\/\/actu.fr\/hauts-de-france\/lille_59350\/lille-on-connait-la-date-douverture-de-pop-mart-la-celebre-boutique-des-labubu-et-jouets-a-collectionner_63307114.html\" target=\"_blank\" rel=\"noopener\">Pop Mart<\/a>, boutique revendant les c\u00e9l\u00e8bres figurines Labubu et autres jouets \u00e0 collectionner.<\/p>\n<p class=\" wall-content\">Personnalisez votre actualit\u00e9 en ajoutant vos villes et m\u00e9dias en favori avec <a href=\"https:\/\/moncompte.actu.fr\" title=\"D\u00e9couvez Mon Actu\" rel=\"nofollow noopener\" data-trk=\"{&quot;cta&quot;:{&quot;action&quot;:&quot;https:\\\/\\\/moncompte.actu.fr&quot;,&quot;category&quot;:&quot;mon compte&quot;,&quot;from&quot;:&quot;article footer&quot;,&quot;name&quot;:&quot;Mon actu&quot;,&quot;type&quot;:&quot;cta&quot;}}\" target=\"_blank\">Mon Actu<\/a>.<\/p>\n<p>                    <script async src=\"\/\/www.instagram.com\/embed.js\"><\/script><\/p>\n","protected":false},"excerpt":{"rendered":"Par Hervine Mahaud Publi\u00e9 le 18 oct. 2025 \u00e0 6h02 Le rythme des ouvertures de nouveaux commerces reste&hellip;\n","protected":false},"author":2,"featured_media":471679,"comment_status":"","ping_status":"","sticky":false,"template":"","format":"standard","meta":{"footnotes":""},"categories":[2815],"tags":[1111,11,215,33,1777,674,1011,27,811,1307,12,3147,25],"class_list":{"0":"post-471678","1":"post","2":"type-post","3":"status-publish","4":"format-standard","5":"has-post-thumbnail","7":"category-lille","8":"tag-actu","9":"tag-actualites","10":"tag-commerce","11":"tag-economie","12":"tag-eu","13":"tag-europe","14":"tag-fr","15":"tag-france","16":"tag-hauts-de-france","17":"tag-lille","18":"tag-news","19":"tag-nouveaux-commerces","20":"tag-republique-francaise"},"share_on_mastodon":{"url":"https:\/\/pubeurope.com\/@fr\/115393405819313080","error":""},"_links":{"self":[{"href":"https:\/\/www.europesays.com\/fr\/wp-json\/wp\/v2\/posts\/471678","targetHints":{"allow":["GET"]}}],"collection":[{"href":"https:\/\/www.europesays.com\/fr\/wp-json\/wp\/v2\/posts"}],"about":[{"href":"https:\/\/www.europesays.com\/fr\/wp-json\/wp\/v2\/types\/post"}],"author":[{"embeddable":true,"href":"https:\/\/www.europesays.com\/fr\/wp-json\/wp\/v2\/users\/2"}],"replies":[{"embeddable":true,"href":"https:\/\/www.europesays.com\/fr\/wp-json\/wp\/v2\/comments?post=471678"}],"version-history":[{"count":0,"href":"https:\/\/www.europesays.com\/fr\/wp-json\/wp\/v2\/posts\/471678\/revisions"}],"wp:featuredmedia":[{"embeddable":true,"href":"https:\/\/www.europesays.com\/fr\/wp-json\/wp\/v2\/media\/471679"}],"wp:attachment":[{"href":"https:\/\/www.europesays.com\/fr\/wp-json\/wp\/v2\/media?parent=471678"}],"wp:term":[{"taxonomy":"category","embeddable":true,"href":"https:\/\/www.europesays.com\/fr\/wp-json\/wp\/v2\/categories?post=471678"},{"taxonomy":"post_tag","embeddable":true,"href":"https:\/\/www.europesays.com\/fr\/wp-json\/wp\/v2\/tags?post=471678"}],"curies":[{"name":"wp","href":"https:\/\/api.w.org\/{rel}","templated":true}]}}