{"id":471687,"date":"2025-10-18T05:03:19","date_gmt":"2025-10-18T05:03:19","guid":{"rendered":"https:\/\/www.europesays.com\/fr\/471687\/"},"modified":"2025-10-18T05:03:19","modified_gmt":"2025-10-18T05:03:19","slug":"lyon-le-chat-de-philippe-geluck-ronronne-a-la-galerie-estades","status":"publish","type":"post","link":"https:\/\/www.europesays.com\/fr\/471687\/","title":{"rendered":"Lyon. Le chat de Philippe Geluck ronronne \u00e0 la Galerie Estades &#8211;"},"content":{"rendered":"<p>\t\t\t\t<img fetchpriority=\"high\" decoding=\"async\" width=\"900\" height=\"636\" src=\"https:\/\/www.europesays.com\/fr\/wp-content\/uploads\/2025\/10\/Michel-Estades-et-Philippe-Geluck.jpg\" alt=\"\" title=\"Michel Estades et Philippe Geluck\"   class=\"wp-image-165914\"\/><\/p>\n<p>Photos Lyon People et Galerie Estades<\/p>\n<p><strong>Texte\u00a0: Marco Polisson<\/strong> \u2013 L\u2019exposition <strong>\u00ab <\/strong>Le Chat \u00e0 la Galerie Estades \u00bb, pr\u00e9sent\u00e9e \u00e0 Lyon met en lumi\u00e8re l\u2019univers fac\u00e9tieux et profond de <strong>Philippe Geluck<\/strong>, artiste belge aux multiples casquettes : dessinateur, auteur, com\u00e9dien, homme de m\u00e9dias, peintre et sculpteur.<\/p>\n<p><img loading=\"lazy\" decoding=\"async\" aria-describedby=\"caption-attachment-165915\" class=\"size-full wp-image-165915\" src=\"data:image\/svg+xml,%3Csvg%20xmlns=\" http:=\"\" alt=\"\" width=\"900\" height=\"697\" data-lazy- data-lazy- data-lazy-src=\"https:\/\/www.europesays.com\/fr\/wp-content\/uploads\/2025\/10\/Le-chien-de-Christo-serigraphie-sur-papier-70-x-95-cm-1.jpg\"\/><\/p>\n<p id=\"caption-attachment-165915\" class=\"wp-caption-text\">Le chien de Christo, s\u00e9rigraphie sur papier, 70 x 95 cm<\/p>\n<p>N\u00e9 \u00e0 Bruxelles en 1954, Geluck s\u2019est d\u2019abord illustr\u00e9 sur sc\u00e8ne et \u00e0 la t\u00e9l\u00e9vision avant de cr\u00e9er, en 1983, <strong>Le Chat<\/strong>, personnage de bande dessin\u00e9e devenu un v\u00e9ritable mythe du monde francophone. Avec son humour flegmatique et ses r\u00e9flexions pleines d\u2019esprit, Le Chat s\u2019est impos\u00e9 comme un observateur ironique et tendre de la condition humaine.<\/p>\n<p><strong>Mais Geluck ne s\u2019est pas arr\u00eat\u00e9 au dessin. <\/strong><\/p>\n<p>D\u00e8s 1988, il transpose son univers dans la sculpture, donnant naissance \u00e0 des \u0153uvres monumentales en bronze o\u00f9 son c\u00e9l\u00e8bre f\u00e9lin prend corps. Ces cr\u00e9ations, r\u00e9unies dans l\u2019exposition itin\u00e9rante Le Chat d\u00e9ambule, ont sillonn\u00e9 les grandes villes europ\u00e9ennes, prolongeant la philosophie souriante de l\u2019artiste dans l\u2019espace public.<\/p>\n<p><img loading=\"lazy\" decoding=\"async\" aria-describedby=\"caption-attachment-165916\" class=\"size-full wp-image-165916\" src=\"data:image\/svg+xml,%3Csvg%20xmlns=\" http:=\"\" alt=\"\" width=\"900\" height=\"675\" data-lazy- data-lazy- data-lazy-src=\"https:\/\/www.europesays.com\/fr\/wp-content\/uploads\/2025\/10\/Expo-Geluck-lyon-1.jpg\"\/><\/p>\n<p id=\"caption-attachment-165916\" class=\"wp-caption-text\">Philippe Geluck entour\u00e9 par Michel Estades, Marco Polisson, r\u00e9dacteur en chef Lyon People et Charles Couty, directeur du Mus\u00e9e Couty<\/p>\n<p>\u00c0 la Galerie Estades, Geluck pr\u00e9sente un ensemble important de peintures, s\u00e9rigraphies et sculptures o\u00f9 Le Chat continue de questionner, avec l\u00e9g\u00e8ret\u00e9 et malice, notre rapport \u00e0 l\u2019art, \u00e0 la soci\u00e9t\u00e9 et au langage. L\u2019\u00e9v\u00e9nement s\u2019est ouvert en pr\u00e9sence de l\u2019artiste le samedi 4 octobre. Une rencontre \u00e0 son image : dr\u00f4le, intelligente et profond\u00e9ment humaine.<\/p>\n<p><strong>Galerie Estades<br \/>61, quai Saint-Vincent \u2013 Lyon 1 \u2013 Tel 04 78 28 65 92<br \/>Lundi de 14h \u00e0 19h -Du mardi au samedi de 10h \u00e0 13h et de 14h \u00e0 19h<\/strong><\/p>\n","protected":false},"excerpt":{"rendered":"Photos Lyon People et Galerie Estades Texte\u00a0: Marco Polisson \u2013 L\u2019exposition \u00ab Le Chat \u00e0 la Galerie Estades&hellip;\n","protected":false},"author":2,"featured_media":471688,"comment_status":"","ping_status":"","sticky":false,"template":"","format":"standard","meta":{"footnotes":""},"categories":[1889],"tags":[4257,1111,11,2430,1777,674,1011,27,59522,2428,12,25],"class_list":{"0":"post-471687","1":"post","2":"type-post","3":"status-publish","4":"format-standard","5":"has-post-thumbnail","7":"category-lyon","8":"tag-0top","9":"tag-actu","10":"tag-actualites","11":"tag-auvergne-rhone-alpes","12":"tag-eu","13":"tag-europe","14":"tag-fr","15":"tag-france","16":"tag-galerie-estades","17":"tag-lyon","18":"tag-news","19":"tag-republique-francaise"},"share_on_mastodon":{"url":"https:\/\/pubeurope.com\/@fr\/115393423167258059","error":""},"_links":{"self":[{"href":"https:\/\/www.europesays.com\/fr\/wp-json\/wp\/v2\/posts\/471687","targetHints":{"allow":["GET"]}}],"collection":[{"href":"https:\/\/www.europesays.com\/fr\/wp-json\/wp\/v2\/posts"}],"about":[{"href":"https:\/\/www.europesays.com\/fr\/wp-json\/wp\/v2\/types\/post"}],"author":[{"embeddable":true,"href":"https:\/\/www.europesays.com\/fr\/wp-json\/wp\/v2\/users\/2"}],"replies":[{"embeddable":true,"href":"https:\/\/www.europesays.com\/fr\/wp-json\/wp\/v2\/comments?post=471687"}],"version-history":[{"count":0,"href":"https:\/\/www.europesays.com\/fr\/wp-json\/wp\/v2\/posts\/471687\/revisions"}],"wp:featuredmedia":[{"embeddable":true,"href":"https:\/\/www.europesays.com\/fr\/wp-json\/wp\/v2\/media\/471688"}],"wp:attachment":[{"href":"https:\/\/www.europesays.com\/fr\/wp-json\/wp\/v2\/media?parent=471687"}],"wp:term":[{"taxonomy":"category","embeddable":true,"href":"https:\/\/www.europesays.com\/fr\/wp-json\/wp\/v2\/categories?post=471687"},{"taxonomy":"post_tag","embeddable":true,"href":"https:\/\/www.europesays.com\/fr\/wp-json\/wp\/v2\/tags?post=471687"}],"curies":[{"name":"wp","href":"https:\/\/api.w.org\/{rel}","templated":true}]}}