{"id":471693,"date":"2025-10-18T05:07:16","date_gmt":"2025-10-18T05:07:16","guid":{"rendered":"https:\/\/www.europesays.com\/fr\/471693\/"},"modified":"2025-10-18T05:07:16","modified_gmt":"2025-10-18T05:07:16","slug":"paris-audio-video-show-gagnez-vos-entrees-pour-le-salon-au-palais-des-congres","status":"publish","type":"post","link":"https:\/\/www.europesays.com\/fr\/471693\/","title":{"rendered":"Paris Audio Video Show : gagnez vos entr\u00e9es pour le salon au Palais des Congr\u00e8s"},"content":{"rendered":"\n<p>Cette semaine sur <strong>O\u00dcI FM<\/strong>, gagnez vos entr\u00e9es pour le <strong>Paris Audio Video Show<\/strong> ! \ud83e\udd29<\/p>\n<p>Consid\u00e9r\u00e9 comme le plus grand salon europ\u00e9en d\u00e9di\u00e9 au son, \u00e0 l\u2019image et \u00e0 la sc\u00e8ne, le <a href=\"https:\/\/www.parisaudiovideoshow.com\/\" rel=\"noopener\" target=\"_blank\"><strong>Paris Audio Video Show<\/strong><\/a> (PAVS) fera son grand retour les 25 et 26 octobre 2025 au <strong>Palais des Congr\u00e8s de Paris<\/strong>, avec une journ\u00e9e suppl\u00e9mentaire le 27 octobre r\u00e9serv\u00e9e aux professionnels. \u2728<\/p>\n<p>L&rsquo;\u00e9v\u00e9nement rassemblera plus de <strong>500 marques internationales<\/strong> venues pr\u00e9senter leurs derni\u00e8res innovations en avant-premi\u00e8re dans un large \u00e9ventail de domaines : hi-fi, home cin\u00e9ma, vid\u00e9o, gaming, instruments de musique, DJing, \u00e9clairage et sonorisation. Il s\u2019adresse autant au grand public qu\u2019aux professionnels, mais aussi aux audiophiles, vid\u00e9ophiles, musiciens, gamers et simples curieux d\u00e9sireux de d\u00e9couvrir les derni\u00e8res tendances technologiques. \ud83c\udfa7 \ud83c\udfae \ud83c\udfac \ud83c\udfb8 \ud83c\udfb9 \ud83d\udd08<\/p>\n<p>Au programme : concerts, d\u00e9monstrations exclusives, sets de DJ, conf\u00e9rences, ateliers interactifs et invit\u00e9s prestigieux (artistes, ing\u00e9nieurs du son, designers). Des <strong>exp\u00e9riences multisensorielles in\u00e9dites<\/strong> viendront \u00e9galement enrichir cette \u00e9dition, qui s\u2019annonce encore plus immersive. \ud83d\udc4c<\/p>\n<p>Apr\u00e8s avoir accueilli plus de <strong>32 000 visiteurs<\/strong> en 2024, le PAVS confirme sa croissance constante et son statut de rendez-vous incontournable du secteur. \ud83d\udd25<\/p>\n<p>\ud83d\udc49 Pour gagner vos entr\u00e9es, <strong>inscrivez-vous d\u00e8s maintenant ci-dessous<\/strong>.<\/p>\n<p>\u00a0<\/p>\n<p>____________________________________<\/p>\n<p>\u00a0<\/p>\n<p>\ud83d\udcc5 Rendez-vous les <strong>25 et 26 octobre<\/strong>.<\/p>\n","protected":false},"excerpt":{"rendered":"Cette semaine sur O\u00dcI FM, gagnez vos entr\u00e9es pour le Paris Audio Video Show ! \ud83e\udd29 Consid\u00e9r\u00e9 comme&hellip;\n","protected":false},"author":2,"featured_media":471694,"comment_status":"","ping_status":"","sticky":false,"template":"","format":"standard","meta":{"footnotes":""},"categories":[1888],"tags":[1111,1928,11,1927,903,1777,674,1011,27,1197,12,1926,59526,59525,39141,626,59523,1925,59524,1825,25,6290],"class_list":{"0":"post-471693","1":"post","2":"type-post","3":"status-publish","4":"format-standard","5":"has-post-thumbnail","7":"category-paris","8":"tag-actu","9":"tag-actu-paris","10":"tag-actualites","11":"tag-actualites-paris","12":"tag-concours","13":"tag-eu","14":"tag-europe","15":"tag-fr","16":"tag-france","17":"tag-jeu","18":"tag-news","19":"tag-news-paris","20":"tag-oui-fm","21":"tag-ouifm","22":"tag-palais-des-congres","23":"tag-paris","24":"tag-paris-audio-video-show","25":"tag-paris-news","26":"tag-pavs","27":"tag-radio","28":"tag-republique-francaise","29":"tag-salon"},"share_on_mastodon":{"url":"https:\/\/pubeurope.com\/@fr\/115393438977621176","error":""},"_links":{"self":[{"href":"https:\/\/www.europesays.com\/fr\/wp-json\/wp\/v2\/posts\/471693","targetHints":{"allow":["GET"]}}],"collection":[{"href":"https:\/\/www.europesays.com\/fr\/wp-json\/wp\/v2\/posts"}],"about":[{"href":"https:\/\/www.europesays.com\/fr\/wp-json\/wp\/v2\/types\/post"}],"author":[{"embeddable":true,"href":"https:\/\/www.europesays.com\/fr\/wp-json\/wp\/v2\/users\/2"}],"replies":[{"embeddable":true,"href":"https:\/\/www.europesays.com\/fr\/wp-json\/wp\/v2\/comments?post=471693"}],"version-history":[{"count":0,"href":"https:\/\/www.europesays.com\/fr\/wp-json\/wp\/v2\/posts\/471693\/revisions"}],"wp:featuredmedia":[{"embeddable":true,"href":"https:\/\/www.europesays.com\/fr\/wp-json\/wp\/v2\/media\/471694"}],"wp:attachment":[{"href":"https:\/\/www.europesays.com\/fr\/wp-json\/wp\/v2\/media?parent=471693"}],"wp:term":[{"taxonomy":"category","embeddable":true,"href":"https:\/\/www.europesays.com\/fr\/wp-json\/wp\/v2\/categories?post=471693"},{"taxonomy":"post_tag","embeddable":true,"href":"https:\/\/www.europesays.com\/fr\/wp-json\/wp\/v2\/tags?post=471693"}],"curies":[{"name":"wp","href":"https:\/\/api.w.org\/{rel}","templated":true}]}}