{"id":471703,"date":"2025-10-18T05:12:19","date_gmt":"2025-10-18T05:12:19","guid":{"rendered":"https:\/\/www.europesays.com\/fr\/471703\/"},"modified":"2025-10-18T05:12:19","modified_gmt":"2025-10-18T05:12:19","slug":"no-kings-pourquoi-des-millions-de-manifestants-anti-trump-sont-attendus-samedi-aux-etats-unis","status":"publish","type":"post","link":"https:\/\/www.europesays.com\/fr\/471703\/","title":{"rendered":"\u00ab\u00a0No kings\u00a0\u00bb : pourquoi des millions de manifestants anti-Trump sont attendus samedi aux \u00c9tats-Unis"},"content":{"rendered":"<ul class=\"jsx-862013697 ArticleChapo__List\">\n<li class=\"jsx-862013697 ArticleChapo__List_Item flex\">Une journ\u00e9e de mobilisation doit avoir lieu ce samedi aux \u00c9tats-Unis contre la politique de Donald Trump.<\/li>\n<li class=\"jsx-862013697 ArticleChapo__List_Item flex\">Plusieurs millions de manifestants sont attendus partout dans le pays.<\/li>\n<\/ul>\n<p><a href=\"https:\/\/www.tf1info.fr\/actualite\/etats-unis-election-presidentielle-americaine-2024-donald-trump-vs-kamala-harris-13534\/\" rel=\"nofollow noopener\" class=\"jsx-484472199 Link jsx-1428418400 jsx-554215408\" target=\"_blank\"><\/p>\n<p style=\"font-weight:400\" class=\"jsx-1837267516\">Suivez la couverture compl\u00e8te<\/p>\n<p style=\"font-weight:800\" class=\"jsx-1837267516\">Le second mandat de Donald Trump<\/p>\n<p><\/a><\/p>\n<p data-module=\"article-paragraph\" class=\"jsx-3046738180 Paragraph Paragraph__End\">De New York \u00e0 San Francisco, de Chicago \u00e0 Atlanta, des millions de manifestants sont une nouvelle fois annonc\u00e9s \u00e0 travers les \u00c9tats-Unis ce samedi 18 octobre pour protester contre la politique de <a href=\"https:\/\/www.tf1info.fr\/actualite\/donald-trump-10150\/\" rel=\"nofollow noopener\" target=\"_blank\">Donald Trump<\/a> et \u00ab\u00a0d\u00e9fendre la d\u00e9mocratie\u00a0\u00bb \u00e0 l&rsquo;appel <a href=\"https:\/\/www.tf1info.fr\/international\/etats-unis-no-kings-ces-manifestations-qui-veulent-gacher-l-anniversaire-de-donald-trump-2376973.html\" rel=\"nofollow noopener\" target=\"_blank\">du mouvement \u00ab\u00a0No Kings\u00a0\u00bb<\/a> (\u00ab\u00a0Pas de rois\u00a0\u00bb). La pr\u00e9c\u00e9dente journ\u00e9e nationale de mobilisation de cette coalition, qui s&rsquo;oppose au pr\u00e9sident am\u00e9ricain et regroupe quelque 300 organisations, avait d\u00e9j\u00e0 rassembl\u00e9 plusieurs millions de personnes \u00e0 travers le pays mi-juin.<\/p>\n<p>\u00ab\u00a0Plus de 2.600\u00a0\u00bb rassemblements attendus<\/p>\n<p data-module=\"article-paragraph\" class=\"jsx-3046738180 Paragraph Paragraph__End\">Quatre mois plus tard, \u00ab\u00a0plus de 2.600\u00a0\u00bb rassemblements, \u00ab\u00a0avec des millions de personnes attendues\u00a0\u00bb, sont recens\u00e9s par les organisateurs. \u00ab\u00a0Des millions d&rsquo;Am\u00e9ricains vont manifester pacifiquement pour dire \u00e0 l&rsquo;administration Trump que nous sommes un pays o\u00f9 les gens sont \u00e9gaux, un pays o\u00f9 les lois s&rsquo;appliquent \u00e0 tous, un \u00c9tat de droit et une d\u00e9mocratie\u00a0\u00bb, d\u00e9fend une dirigeante de l&rsquo;importante organisation de d\u00e9fense des droits civiques et des libert\u00e9s publiques ACLU, Deirdre Schifeling. Face aux \u00ab\u00a0abus de pouvoir de Donald Trump et de ses alli\u00e9s\u00a0\u00bb, \u00ab\u00a0nous ne nous laisserons pas r\u00e9duire au silence\u00a0\u00bb.<\/p>\n<p data-module=\"article-paragraph\" class=\"jsx-3046738180 Paragraph Paragraph__End\">\u00ab\u00a0Ils envoient <a href=\"https:\/\/www.tf1info.fr\/international\/donald-trump-perd-en-appel-la-justice-americaine-s-oppose-au-deploiement-de-la-garde-nationale-a-chicago-2401102.html\" rel=\"nofollow noopener\" target=\"_blank\">la Garde nationale<\/a> dans les villes am\u00e9ricaines. Ils terrorisent nos amis et voisins migrants. Ils poursuivent en justice leurs opposants politiques\u00a0\u00bb, \u00e9num\u00e8re Leah Greenberg, cofondatrice du collectif \u00ab\u00a0Indivisible\u00a0\u00bb.\u00a0\u00ab\u00a0C&rsquo;est le mode op\u00e9ratoire autoritaire classique : menacer, calomnier, mentir et faire peur aux gens pour les soumettre\u00a0\u00bb, poursuit-elle. \u00ab\u00a0Mais nous ne nous laisserons pas intimider. Nous ne nous laisserons pas impressionner. Nous ne nous inclinerons pas.\u00a0\u00bb<\/p>\n<p><a href=\"https:\/\/www.tf1info.fr\/sport\/football-coupe-du-monde-2026-donald-trump-seme-la-zizanie-en-menacant-de-deplacer-des-matchs-2400781.html\" rel=\"nofollow noopener\" class=\"jsx-3308031228 Link flex\" target=\"_blank\"><img decoding=\"async\" src=\"https:\/\/www.europesays.com\/fr\/wp-content\/uploads\/2025\/10\/donald-trump-coupe-du-monde-21dd3a-0@1x.jpeg\" alt=\"Donald Trump avec le troph\u00e9e de la Coupe du monde de football, en ao\u00fbt 2025.\" loading=\"lazy\" importance=\"low\" fetchpriority=\"low\" class=\"\" aria-hidden=\"true\"\/><\/p>\n<p class=\"jsx-3657663356 ReadMoreArticle__Title\">Lire aussi<\/p>\n<p class=\"jsx-3657663356\">Coupe du monde 2026 : Donald Trump s\u00e8me la zizanie en mena\u00e7ant de d\u00e9placer des matchs<\/p>\n<p><\/a><\/p>\n<p data-module=\"article-paragraph\" class=\"jsx-3046738180 Paragraph Paragraph__End\">Des rassemblements sont \u00e9galement annonc\u00e9s \u00e0 Washington, Boston ou encore La Nouvelle-Orl\u00e9ans, des villes dans lesquelles Donald Trump a d\u00e9j\u00e0, pour la premi\u00e8re, ou envisage, pour les deux autres, de d\u00e9ployer des militaires pour s&rsquo;y attaquer \u00e0 sa mani\u00e8re \u00e0 la criminalit\u00e9. Au-del\u00e0 des grandes villes, des points de ralliement sont pr\u00e9vus dans l&rsquo;ensemble du pays, et m\u00eame jusqu&rsquo;au Canada frontalier, \u00e0 Toronto, Vancouver et Ottawa.<\/p>\n<p>I.N avec AFP<\/p>\n","protected":false},"excerpt":{"rendered":"Une journ\u00e9e de mobilisation doit avoir lieu ce samedi aux \u00c9tats-Unis contre la politique de Donald Trump. Plusieurs&hellip;\n","protected":false},"author":2,"featured_media":471704,"comment_status":"","ping_status":"","sticky":false,"template":"","format":"standard","meta":{"footnotes":""},"categories":[1589],"tags":[1111,5926,11,75,73,1866,1922,14,2497,2088,12,1864,1865,1863,308],"class_list":{"0":"post-471703","1":"post","2":"type-post","3":"status-publish","4":"format-standard","5":"has-post-thumbnail","7":"category-etats-unis","8":"tag-actu","9":"tag-actualite-international","10":"tag-actualites","11":"tag-donald-trump","12":"tag-etats-unis","13":"tag-etats-unis-damerique","14":"tag-info","15":"tag-international","16":"tag-le-second-mandat-de-donald-trump","17":"tag-manifestation","18":"tag-news","19":"tag-united-states","20":"tag-united-states-of-america","21":"tag-us","22":"tag-usa"},"share_on_mastodon":{"url":"https:\/\/pubeurope.com\/@fr\/115393458846406027","error":""},"_links":{"self":[{"href":"https:\/\/www.europesays.com\/fr\/wp-json\/wp\/v2\/posts\/471703","targetHints":{"allow":["GET"]}}],"collection":[{"href":"https:\/\/www.europesays.com\/fr\/wp-json\/wp\/v2\/posts"}],"about":[{"href":"https:\/\/www.europesays.com\/fr\/wp-json\/wp\/v2\/types\/post"}],"author":[{"embeddable":true,"href":"https:\/\/www.europesays.com\/fr\/wp-json\/wp\/v2\/users\/2"}],"replies":[{"embeddable":true,"href":"https:\/\/www.europesays.com\/fr\/wp-json\/wp\/v2\/comments?post=471703"}],"version-history":[{"count":0,"href":"https:\/\/www.europesays.com\/fr\/wp-json\/wp\/v2\/posts\/471703\/revisions"}],"wp:featuredmedia":[{"embeddable":true,"href":"https:\/\/www.europesays.com\/fr\/wp-json\/wp\/v2\/media\/471704"}],"wp:attachment":[{"href":"https:\/\/www.europesays.com\/fr\/wp-json\/wp\/v2\/media?parent=471703"}],"wp:term":[{"taxonomy":"category","embeddable":true,"href":"https:\/\/www.europesays.com\/fr\/wp-json\/wp\/v2\/categories?post=471703"},{"taxonomy":"post_tag","embeddable":true,"href":"https:\/\/www.europesays.com\/fr\/wp-json\/wp\/v2\/tags?post=471703"}],"curies":[{"name":"wp","href":"https:\/\/api.w.org\/{rel}","templated":true}]}}