{"id":471707,"date":"2025-10-18T05:14:13","date_gmt":"2025-10-18T05:14:13","guid":{"rendered":"https:\/\/www.europesays.com\/fr\/471707\/"},"modified":"2025-10-18T05:14:13","modified_gmt":"2025-10-18T05:14:13","slug":"lallemagne-se-divise-sur-la-relance-du-service-militaire","status":"publish","type":"post","link":"https:\/\/www.europesays.com\/fr\/471707\/","title":{"rendered":"L&rsquo;Allemagne se divise sur la relance du service militaire"},"content":{"rendered":"<p>\n    <strong>D\u00c9CRYPTAGE &#8211;<\/strong> L\u2019objectif d\u2019une augmentation massive des effectifs suscite des divisions au sein de la coalition au pouvoir. La question d\u2019un retour du service militaire de l\u2019arm\u00e9e ne fait pas l\u2019unanimit\u00e9 dans la population.<\/p>\n<p class=\"fig-paragraph\"><a href=\"http:\/\/www.lefigaro.fr\/international\/en-allemagne-l-inquietante-normalisation-de-l-extreme-droite-20250611\" target=\"_blank\" data-fig-type=\"Article\" rel=\"noopener\" data-gtm-custom-categorie=\"navigation\" data-gtm-custom-action=\"crossclick\" data-gtm-custom-label=\"Contextuel\" data-gtm-event=\"customEventSPE\" data-fig-domain=\"LEFIGARO\">En Allemagne<\/a>, le gouvernement n\u2019a pas besoin des oppositions pour s\u2019\u00e9charper en place publique. CDU et SPD se d\u00e9brouillent tr\u00e8s bien tous seuls, comme l\u2019illustre la crise autour de la r\u00e9introduction\u00a0<a href=\"http:\/\/www.lefigaro.fr\/actualite-france\/le-futur-service-militaire-volontaire-peut-il-vraiment-trouver-son-public-20250728\" target=\"_blank\" data-fig-type=\"Article\" rel=\"noopener\" data-gtm-custom-categorie=\"navigation\" data-gtm-custom-action=\"crossclick\" data-gtm-custom-label=\"Contextuel\" data-gtm-event=\"customEventSPE\" data-fig-domain=\"LEFIGARO\">du service militaire<\/a>.<\/p>\n<p class=\"fig-paragraph\">\u00c0 l\u2019ouverture de la session du Bundestag jeudi,\u00a0<a href=\"http:\/\/www.lefigaro.fr\/societes\/apres-la-sortie-de-friedrich-merz-l-echeance-de-2035-pour-la-fin-des-moteurs-thermiques-est-elle-encore-viable-20251007\" target=\"_blank\" data-fig-type=\"Article\" rel=\"noopener\" data-gtm-custom-categorie=\"navigation\" data-gtm-custom-action=\"crossclick\" data-gtm-custom-label=\"Contextuel\" data-gtm-event=\"customEventSPE\" data-fig-domain=\"LEFIGARO\">Friedrich Merz<\/a>\u00a0a d\u2019abord effleur\u00e9 le sujet. \u00ab Seule la force garantit la paix\u00bb, a-t-il d\u00e9clar\u00e9, avant de mettre, en conclusion de son tour d\u2019horizon, le partenaire de coalition sous pression\u00a0: \u00ab Nous devons renforcer rapidement nos capacit\u00e9s de d\u00e9fense\u00a0\u00bb. Devant le Bundestag,\u00a0<a href=\"http:\/\/www.lefigaro.fr\/international\/le-jeu-d-equilibriste-de-boris-pistorius-ministre-de-la-defense-allemande-20250505\" target=\"_blank\" data-fig-type=\"Article\" rel=\"noopener\" data-gtm-custom-categorie=\"navigation\" data-gtm-custom-action=\"crossclick\" data-gtm-custom-label=\"Contextuel\" data-gtm-event=\"customEventSPE\" data-fig-domain=\"LEFIGARO\">Boris Pistorius, le ministre de la D\u00e9fense<\/a>\u00a0(SPD), a sorti le drapeau blanc. \u00abDes opinions diff\u00e9rentes se sont exprim\u00e9es ces derniers jours et la proc\u00e9dure parlementaire est justement l\u00e0 pour en discuter\u00bb, a-t-il affirm\u00e9.<\/p>\n<p class=\"fig-paragraph\">Apr\u00e8s des mois de n\u00e9gociations, une conf\u00e9rence de presse commune avec la CDU avait \u00e9t\u00e9 annul\u00e9e en catastrophe mardi. Les deux camps s\u2019accusent mutuellement de \u00ab sabotage\u00a0\u00bb ou de \u00ab torpillage\u00a0\u00bb. Selon les plans du ministre\u2026<\/p>\n<p class=\"fig-premium-paywall__infos\">\n        Cet article est r\u00e9serv\u00e9 aux abonn\u00e9s.        Il vous reste 79% \u00e0 d\u00e9couvrir.\n    <\/p>\n<p>                <img  data- alt=\"Le Figaro\" class=\"fig-img--complete fig-img\"\/><\/p>\n<p class=\"fig-premium-paywall__title\">Vous avez envie de lire la suite ?<\/p>\n<p class=\"fig-premium-paywall__subtitle\">D\u00e9bloquez tous les articles imm\u00e9diatement.<\/p>\n<p class=\"fig-premium-paywall__connect\">\n                D\u00e9j\u00e0 abonn\u00e9\u00a0?                <a class=\"fig-premium-paywall__connect-link\" href=\"https:\/\/connect.lefigaro.fr\/login?client=horizon_web&amp;type=main&amp;redirect_uri=https%3A%2F%2Fwww.lefigaro.fr%2Finternational%2Fl-allemagne-se-divise-sur-la-relance-du-service-militaire-20251017\" data-js-gtm=\"{&quot;customCategorie&quot;: &quot;conversion&quot;, &quot;customAction&quot;: &quot;before_Landing_Connexion_paywall_auto&quot;, &quot;customLabel&quot;: &quot;bGVmaWdhcm8uZnJfXzFmMGFiMzY2LWM0NGEtNjc1Ni05MzY3LTdkNDAwYzczZjFiZF9fQXJ0aWNsZQ==_L&#039;Allemagne se divise sur la relance du service militaire_225&quot;, &quot;customIDSPE&quot;: &quot;bGVmaWdhcm8uZnJfXzFmMGFiMzY2LWM0NGEtNjc1Ni05MzY3LTdkNDAwYzczZjFiZF9fQXJ0aWNsZQ==&quot;, &quot;event&quot;: &quot;customEventSPE&quot;}\" target=\"_blank\" rel=\"noopener\"><br \/>\n                    Connectez-vous<br \/>\n                <\/a>\n            <\/p>\n","protected":false},"excerpt":{"rendered":"D\u00c9CRYPTAGE &#8211; L\u2019objectif d\u2019une augmentation massive des effectifs suscite des divisions au sein de la coalition au pouvoir.&hellip;\n","protected":false},"author":2,"featured_media":471708,"comment_status":"","ping_status":"","sticky":false,"template":"","format":"standard","meta":{"footnotes":""},"categories":[1587],"tags":[11,672,1804,1805,1803,1777,674,1801,12,1802,29810],"class_list":{"0":"post-471707","1":"post","2":"type-post","3":"status-publish","4":"format-standard","5":"has-post-thumbnail","7":"category-allemagne","8":"tag-actualites","9":"tag-allemagne","10":"tag-bundesrepublik-deutschland","11":"tag-de","12":"tag-deutschland","13":"tag-eu","14":"tag-europe","15":"tag-germany","16":"tag-news","17":"tag-republique-federale-dallemagne","18":"tag-service-militaire"},"share_on_mastodon":{"url":"https:\/\/pubeurope.com\/@fr\/115393466483383039","error":""},"_links":{"self":[{"href":"https:\/\/www.europesays.com\/fr\/wp-json\/wp\/v2\/posts\/471707","targetHints":{"allow":["GET"]}}],"collection":[{"href":"https:\/\/www.europesays.com\/fr\/wp-json\/wp\/v2\/posts"}],"about":[{"href":"https:\/\/www.europesays.com\/fr\/wp-json\/wp\/v2\/types\/post"}],"author":[{"embeddable":true,"href":"https:\/\/www.europesays.com\/fr\/wp-json\/wp\/v2\/users\/2"}],"replies":[{"embeddable":true,"href":"https:\/\/www.europesays.com\/fr\/wp-json\/wp\/v2\/comments?post=471707"}],"version-history":[{"count":0,"href":"https:\/\/www.europesays.com\/fr\/wp-json\/wp\/v2\/posts\/471707\/revisions"}],"wp:featuredmedia":[{"embeddable":true,"href":"https:\/\/www.europesays.com\/fr\/wp-json\/wp\/v2\/media\/471708"}],"wp:attachment":[{"href":"https:\/\/www.europesays.com\/fr\/wp-json\/wp\/v2\/media?parent=471707"}],"wp:term":[{"taxonomy":"category","embeddable":true,"href":"https:\/\/www.europesays.com\/fr\/wp-json\/wp\/v2\/categories?post=471707"},{"taxonomy":"post_tag","embeddable":true,"href":"https:\/\/www.europesays.com\/fr\/wp-json\/wp\/v2\/tags?post=471707"}],"curies":[{"name":"wp","href":"https:\/\/api.w.org\/{rel}","templated":true}]}}