{"id":471715,"date":"2025-10-18T05:18:14","date_gmt":"2025-10-18T05:18:14","guid":{"rendered":"https:\/\/www.europesays.com\/fr\/471715\/"},"modified":"2025-10-18T05:18:14","modified_gmt":"2025-10-18T05:18:14","slug":"coup-de-theatre-a-buckingham-le-prince-andrew-prend-une-decision-irrevocable-apres-avoir-discute-avec-le-roi","status":"publish","type":"post","link":"https:\/\/www.europesays.com\/fr\/471715\/","title":{"rendered":"Coup de th\u00e9\u00e2tre \u00e0 Buckingham ! Le Prince Andrew prend une d\u00e9cision irr\u00e9vocable \u201capr\u00e8s avoir discut\u00e9 avec le roi\u201d"},"content":{"rendered":"<p data-start=\"661\" data-end=\"1025\">C\u2019est un tremblement de terre \u00e0<br \/>\nBuckingham. <a href=\"https:\/\/www.closermag.fr\/royautes\/prince-andrew-ca-sent-de-plus-en-plus-le-roussi-pour-le-frere-de-charles-iii-un-courriel-accablant-devoile-3586806\" target=\"_blank\" rel=\"noopener\"><br \/>\nLe prince Andrew<\/a>, longtemps consid\u00e9r\u00e9 comme l\u2019enfant terrible<br \/>\nde la monarchie britannique, vient de renoncer \u00e0 tout ce qui<br \/>\nfaisait encore de lui un membre actif de la famille royale. Une<br \/>\nd\u00e9cision in\u00e9dite, irr\u00e9vocable, annonc\u00e9e <strong>dans un communiqu\u00e9<br \/>\nofficiel<\/strong> et qui intervient apr\u00e8s des jours de tension<br \/>\nintense au palais.<\/p>\n<p data-start=\"1027\" data-end=\"1429\">Depuis le <a href=\"https:\/\/www.closermag.fr\/royautes\/prince-andrew-il-considerait-le-sexe-avec-moi-comme-un-droit-de-naissance-clame-une-victime-de-jeffrey-epstein-3587018\" target=\"_blank\" rel=\"noopener\"><br \/>\nscandale Epstein<\/a>, le duc d\u2019York \u00e9tait d\u00e9j\u00e0 priv\u00e9 de ses<br \/>\nfonctions publiques. Mais cette fois, il va encore plus loin. Sous<br \/>\nla pression du roi <a href=\"https:\/\/www.closermag.fr\/royautes\/prince-william-a-le-pouvoir-cet-ultimatum-lourd-de-sens-pose-a-charles-iii-pour-noel-3584320\" target=\"_blank\" rel=\"noopener\"><br \/>\nCharles III<\/a>, son propre fr\u00e8re, <strong>le prince Andrew<br \/>\nabandonne ses derniers titres honorifiques<\/strong> et accepte de<br \/>\ndispara\u00eetre d\u00e9finitivement du paysage royal. Une issue que<br \/>\npersonne, pas m\u00eame les proches du souverain, n\u2019imaginait encore il<br \/>\ny a quelques jours.<\/p>\n<p>Le prince Andrew \u201ctombe sur<br \/>\nson \u00e9p\u00e9e\u201d apr\u00e8s des ann\u00e9es de scandales<\/p>\n<p data-start=\"1503\" data-end=\"1927\">Selon The Mail on Sunday, le prince Andrew a fini<br \/>\npar c\u00e9der \u00e0 la demande du roi. Dans un communiqu\u00e9 officiel, il<br \/>\nd\u00e9clare : \u201cEn discussion avec<br \/>\nle roi, et ma famille proche et \u00e9largie, nous avons conclu que les<br \/>\naccusations continuelles \u00e0 mon encontre nuisaient au travail de Sa<br \/>\nMajest\u00e9 et de la famille royale. J\u2019ai d\u00e9cid\u00e9, comme je l\u2019ai<br \/>\ntoujours fait, de <strong>donner la priorit\u00e9 \u00e0 mon devoir envers ma<br \/>\nfamille<\/strong> et mon pays.\u201d<\/p>\n<p data-start=\"1929\" data-end=\"2318\">Un aveu lourd de sens. Le<br \/>\n<a href=\"https:\/\/www.closermag.fr\/royautes\/dans-la-panade-le-prince-andrew-doit-se-frotter-les-mains-apres-cette-decision-du-fbi-3561641\" target=\"_blank\" rel=\"noopener\"><br \/>\nfr\u00e8re cadet du roi<\/a> renonce \u00e0 son titre de duc d\u2019York, \u00e0 son<br \/>\nsi\u00e8ge dans l\u2019Ordre de la Jarreti\u00e8re (la plus ancienne distinction<br \/>\ndu Royaume-Uni) ainsi qu\u2019\u00e0 sa place de chevalier grand-croix de<br \/>\nl\u2019ordre royal de Victoria, un honneur que lui avait d\u00e9cern\u00e9 la<br \/>\nreine \u00c9lisabeth II. \u201cJe<br \/>\nn\u2019utiliserai plus mon titre ni les honneurs qui lui sont<br \/>\nconf\u00e9r\u00e9s\u201d, ajoute-t-il. Il s\u2019agit d\u2019un v\u00e9ritable effondrement<br \/>\nsymbolique pour celui qui fut autrefois l\u2019un des visages les plus<br \/>\nvisibles de la monarchie britannique. Une source cit\u00e9e par le<br \/>\nDaily Mail confie :<br \/>\n<strong>\u201cLe roi est soulag\u00e9. Cela devait<br \/>\narriver.\u201d<\/strong> L\u2019expression utilis\u00e9e dans les coulisses<br \/>\nest claire : Andrew a \u201cchut\u00e9 sur son \u00e9p\u00e9e\u201d.<\/p>\n<p>Une<br \/>\nd\u00e9cision historique qui red\u00e9finit sa place dans la monarchie<\/p>\n<p data-start=\"2708\" data-end=\"3027\">Concr\u00e8tement, cette annonce<br \/>\nchange tout. En renon\u00e7ant \u00e0 ses titres et ordres royaux, le prince<br \/>\nAndrew perd tout pouvoir, toute influence et tout r\u00f4le<br \/>\ninstitutionnel au sein de la Couronne. Il ne repr\u00e9sente plus la<br \/>\nmonarchie, ne participe plus \u00e0 aucune c\u00e9r\u00e9monie officielle et ne<br \/>\npeut plus porter d\u2019uniforme militaire. S\u2019il reste Prince de naissance (un statut que rien<br \/>\nne peut lui retirer) il n\u2019a d\u00e9sormais <strong>plus aucun poids dans<br \/>\nles affaires royales.<\/strong> Son r\u00f4le de Counsellor of State, qui permettait d\u2019agir au<br \/>\nnom du souverain en cas d\u2019emp\u00eachement, est d\u00e9sormais<br \/>\ninactif. En clair,<br \/>\nAndrew est aujourd\u2019hui un prince sans royaume, sans fonction et<br \/>\nsans reconnaissance officielle.<\/p>\n<p data-start=\"3400\" data-end=\"3739\">Le roi Charles III, qui ne<br \/>\npeut pas le chasser l\u00e9galement de sa r\u00e9sidence de Royal Lodge, a<br \/>\npr\u00e9f\u00e9r\u00e9 cette solution radicale. Andrew conserve donc son logement,<br \/>\nmais il est d\u00e9sormais totalement exclu du c\u0153ur de la famille<br \/>\nroyale. Son ex-femme Sarah Ferguson perd aussi son titre de<br \/>\nduchesse d\u2019York, redevenant simplement \u201cSarah Ferguson\u201d. Ses<br \/>\nfilles, les princesses <a href=\"https:\/\/www.closermag.fr\/royautes\/heritage-de-beatrice-et-eugenie-dyork-les-princesses-se-sont-elles-tire-une-balle-dans-le-pied-3573439\" target=\"_blank\" rel=\"noopener\"><br \/>\nBeatrice et Eugenie<\/a>, ne sont pas concern\u00e9es et conservent leurs<br \/>\nstatuts. Mais pour leur p\u00e8re, la sanction est totale. La monarchie<br \/>\nbritannique signe ainsi la fin d\u2019un chapitre embarrassant. Pour la<br \/>\npremi\u00e8re fois depuis le scandale Epstein, le prince Andrew<br \/>\nreconna\u00eet publiquement <strong>qu\u2019il est devenu un obstacle pour la<br \/>\nCouronne.<\/strong> Un acte pr\u00e9sent\u00e9 comme volontaire, mais qui<br \/>\nressemble \u00e0 une mise \u00e0 l\u2019\u00e9cart orchestr\u00e9e dans les r\u00e8gles. \u00c0<br \/>\nBuckingham, c\u2019est un soulagement\u2026 et un choc historique.<\/p>\n","protected":false},"excerpt":{"rendered":"C\u2019est un tremblement de terre \u00e0 Buckingham. Le prince Andrew, longtemps consid\u00e9r\u00e9 comme l\u2019enfant terrible de la monarchie&hellip;\n","protected":false},"author":2,"featured_media":471716,"comment_status":"","ping_status":"","sticky":false,"template":"","format":"standard","meta":{"footnotes":""},"categories":[2],"tags":[11,1011,27,12,546,25],"class_list":{"0":"post-471715","1":"post","2":"type-post","3":"status-publish","4":"format-standard","5":"has-post-thumbnail","7":"category-actualites","8":"tag-actualites","9":"tag-fr","10":"tag-france","11":"tag-news","12":"tag-prince-andrew","13":"tag-republique-francaise"},"share_on_mastodon":{"url":"https:\/\/pubeurope.com\/@fr\/115393482238828421","error":""},"_links":{"self":[{"href":"https:\/\/www.europesays.com\/fr\/wp-json\/wp\/v2\/posts\/471715","targetHints":{"allow":["GET"]}}],"collection":[{"href":"https:\/\/www.europesays.com\/fr\/wp-json\/wp\/v2\/posts"}],"about":[{"href":"https:\/\/www.europesays.com\/fr\/wp-json\/wp\/v2\/types\/post"}],"author":[{"embeddable":true,"href":"https:\/\/www.europesays.com\/fr\/wp-json\/wp\/v2\/users\/2"}],"replies":[{"embeddable":true,"href":"https:\/\/www.europesays.com\/fr\/wp-json\/wp\/v2\/comments?post=471715"}],"version-history":[{"count":0,"href":"https:\/\/www.europesays.com\/fr\/wp-json\/wp\/v2\/posts\/471715\/revisions"}],"wp:featuredmedia":[{"embeddable":true,"href":"https:\/\/www.europesays.com\/fr\/wp-json\/wp\/v2\/media\/471716"}],"wp:attachment":[{"href":"https:\/\/www.europesays.com\/fr\/wp-json\/wp\/v2\/media?parent=471715"}],"wp:term":[{"taxonomy":"category","embeddable":true,"href":"https:\/\/www.europesays.com\/fr\/wp-json\/wp\/v2\/categories?post=471715"},{"taxonomy":"post_tag","embeddable":true,"href":"https:\/\/www.europesays.com\/fr\/wp-json\/wp\/v2\/tags?post=471715"}],"curies":[{"name":"wp","href":"https:\/\/api.w.org\/{rel}","templated":true}]}}